{"id":121,"date":"2021-03-02T22:37:00","date_gmt":"2021-03-02T22:37:00","guid":{"rendered":"https:\/\/bioetica.ar\/index.php\/2021\/03\/02\/adecuacion-del-esfuerzo-terapeutico-en-pediatria-dilemas-y-reflexiones\/"},"modified":"2021-03-02T22:37:00","modified_gmt":"2021-03-02T22:37:00","slug":"adecuacion-del-esfuerzo-terapeutico-en-pediatria-dilemas-y-reflexiones","status":"publish","type":"post","link":"https:\/\/bioetica.ar\/index.php\/2021\/03\/02\/adecuacion-del-esfuerzo-terapeutico-en-pediatria-dilemas-y-reflexiones\/","title":{"rendered":"ADECUACI\u00d3N DEL ESFUERZO TERAPE\u00daTICO EN PEDIATR\u00cdA &#8211; Dilemas y Reflexiones."},"content":{"rendered":"<\/p>\n<div style=\"clear: both; text-align: center;\"><a href=\"https:\/\/1.bp.blogspot.com\/-Jt0bqhjTZCc\/YD69Ns-qQYI\/AAAAAAAADvs\/-vNlRWsy_q4XQzLrqlWXlqlMn3a5pQJfgCLcBGAsYHQ\/s1343\/Aet%2B%2BEN%2BPEDIATRIA.%2BDilemas%2By%2Breflexiones%2B2021.jpg\" style=\"margin-left: 1em; margin-right: 1em;\"><img loading=\"lazy\" decoding=\"async\" border=\"0\" data-original-height=\"1343\" data-original-width=\"1007\" height=\"1173\" src=\"https:\/\/1.bp.blogspot.com\/-Jt0bqhjTZCc\/YD69Ns-qQYI\/AAAAAAAADvs\/-vNlRWsy_q4XQzLrqlWXlqlMn3a5pQJfgCLcBGAsYHQ\/w880-h1173\/Aet%2B%2BEN%2BPEDIATRIA.%2BDilemas%2By%2Breflexiones%2B2021.jpg\" width=\"880\" \/><\/a><\/div>\n<p>&nbsp;<\/p>\n<h1 style=\"text-align: center;\"><a href=\"https:\/\/meet.google.com\/fxf%20dtjh%20umt\" target=\"_blank\" rel=\"noopener\">LINK PARA PARTICIPAR EN LA REUNI\u00d3N <\/a><\/h1>\n","protected":false},"excerpt":{"rendered":"<p>&nbsp; LINK PARA PARTICIPAR EN LA REUNI\u00d3N<\/p>\n","protected":false},"author":2,"featured_media":0,"comment_status":"open","ping_status":"open","sticky":false,"template":"","format":"standard","meta":{"footnotes":""},"categories":[89,31,26,23],"tags":[],"class_list":["post-121","post","type-post","status-publish","format-standard","hentry","category-andres-toledo","category-fernanda-marchetti","category-hospital-pediatrico","category-jose-torres"],"_links":{"self":[{"href":"https:\/\/bioetica.ar\/index.php\/wp-json\/wp\/v2\/posts\/121","targetHints":{"allow":["GET"]}}],"collection":[{"href":"https:\/\/bioetica.ar\/index.php\/wp-json\/wp\/v2\/posts"}],"about":[{"href":"https:\/\/bioetica.ar\/index.php\/wp-json\/wp\/v2\/types\/post"}],"author":[{"embeddable":true,"href":"https:\/\/bioetica.ar\/index.php\/wp-json\/wp\/v2\/users\/2"}],"replies":[{"embeddable":true,"href":"https:\/\/bioetica.ar\/index.php\/wp-json\/wp\/v2\/comments?post=121"}],"version-history":[{"count":0,"href":"https:\/\/bioetica.ar\/index.php\/wp-json\/wp\/v2\/posts\/121\/revisions"}],"wp:attachment":[{"href":"https:\/\/bioetica.ar\/index.php\/wp-json\/wp\/v2\/media?parent=121"}],"wp:term":[{"taxonomy":"category","embeddable":true,"href":"https:\/\/bioetica.ar\/index.php\/wp-json\/wp\/v2\/categories?post=121"},{"taxonomy":"post_tag","embeddable":true,"href":"https:\/\/bioetica.ar\/index.php\/wp-json\/wp\/v2\/tags?post=121"}],"curies":[{"name":"wp","href":"https:\/\/api.w.org\/{rel}","templated":true}]}}