{"id":145,"date":"2020-07-24T13:39:00","date_gmt":"2020-07-24T13:39:00","guid":{"rendered":"https:\/\/bioetica.ar\/index.php\/2020\/07\/24\/reunion-del-comite-de-bioetica-en-sunchales-sta-fe\/"},"modified":"2020-07-24T13:39:00","modified_gmt":"2020-07-24T13:39:00","slug":"reunion-del-comite-de-bioetica-en-sunchales-sta-fe","status":"publish","type":"post","link":"https:\/\/bioetica.ar\/index.php\/2020\/07\/24\/reunion-del-comite-de-bioetica-en-sunchales-sta-fe\/","title":{"rendered":"Reuni\u00f3n del Comit\u00e9 de Bio\u00e9tica en Sunchales ( Sta. Fe)"},"content":{"rendered":"<div style=\"box-sizing: border-box;\">\n<header style=\"box-sizing: border-box;\">\n<h1 style=\"box-sizing: border-box; line-height: 50px; margin: 0px 0px 7px; overflow-wrap: break-word;\">\n<div style=\"box-sizing: border-box; display: inline; margin-right: 2px;\">Concejo: Reuni\u00f3n con el comit\u00e9 de Bio\u00e9tica<\/div>\n<p><span style=\"font-size: small;\">-(Por: Prensa Concejo) \u2013<\/span><\/h1>\n<p> El Concejo Municipal recibi\u00f3 en sus instalaciones a integrantes del Comit\u00e9 de Bio\u00e9tica de Sunchales, para conocer detalles de su funcionamiento general en virtud de la emergencia sanitaria y el prop\u00f3sito fijado de continuar con dicha tarea en el tiempo. <\/p>\n<p>Este grupo comenz\u00f3 a funcionar en el marco de la pandemia de Covid-19, inicialmente a instancias del Comit\u00e9 M\u00e9dico, y luego fue institucionalizado a trav\u00e9s del Decreto N\u00ba 2930\/2020 del Ejecutivo Municipal local. <\/p>\n<p>La nueva conformaci\u00f3n, la cual es presidida por el Dr. Eduardo Grosso, est\u00e1 integrada por catorce personas de distinta profesi\u00f3n, orientaci\u00f3n, edades y experiencias de vida muy variadas. De esta manera, se desarrollan diferentes debates, con el objetivo de brindar asesoramiento, sin cumplir con funciones ejecutivas ni decisivas. Tal como lo establece el Decreto antes mencionado, no tiene car\u00e1cter de tribunal, siendo los dict\u00e1menes y las recomendaciones emitidas de car\u00e1cter no vinculante. <\/p>\n<p>Tal como se expresa en una nota elevada al Concejo por el Comit\u00e9, el mismo \u201cse cre\u00f3 ante la emergencia del Covid-19, para asesorar a grupos m\u00e9dicos que debieran tomar una decisi\u00f3n dif\u00edcil y terminante. Luego, al no aparecer casos cr\u00edticos (por el momento), mut\u00f3 hacia el an\u00e1lisis, tratamiento y posterior dict\u00e1menes de temas relacionados con la pandemia. De esta forma se abordaron cuestiones como comunicaci\u00f3n, cuarentena, recursos humanos y su relaci\u00f3n con la Bio\u00e9tica, por nombrar algunos\u201d. <\/p>\n<p>Se destaca adem\u00e1s que el grupo trabaja \u00abad honorem\u201d, cumpliendo con la confecci\u00f3n de las actas sobre los temas tratados en reuniones semanales. Adem\u00e1s, sus integrantes se encuentran abocados a la elaboraci\u00f3n de un reglamento interno que determine claramente cargos, funciones y objetivos. <\/p>\n<p>Tal como tambi\u00e9n se define en la misma nota, \u201cla Bio\u00e9tica es una disciplina expl\u00edcitamente orientada a tener un impacto pr\u00e1ctico, es decir a orientar la conducta humana en situaciones concretas, frente a opciones o elecciones que implican juicios y toma de decisiones controvertidas. Por consiguiente, no puede resumirse a un discurso de especialistas o a un debate de intelectuales. M\u00e1s que elaborar doctrinas, la tarea de la Bio\u00e9tica ser\u00eda la de hacer madurar una conciencia p\u00fablica, que obligue a encontrar una resoluci\u00f3n correcta\u201d.&nbsp;<\/header>\n<header style=\"box-sizing: border-box;\"><\/p>\n<h1 style=\"box-sizing: border-box; line-height: 50px; margin: 0px 0px 7px; overflow-wrap: break-word;\">\n<div style=\"clear: both;\"><a href=\"https:\/\/1.bp.blogspot.com\/-X4r7DYkiW-I\/XxrkWfFvE5I\/AAAAAAAADUg\/91ZOXTaTq5YlhRAW3YZ--VcMFhanm75VACLcBGAsYHQ\/s1600\/Bio%25C3%25A9tica2.jpg\" style=\"margin-left: 1em; margin-right: 1em;\"><img loading=\"lazy\" decoding=\"async\" border=\"0\" data-original-height=\"659\" data-original-width=\"1200\" height=\"348\" src=\"https:\/\/1.bp.blogspot.com\/-X4r7DYkiW-I\/XxrkWfFvE5I\/AAAAAAAADUg\/91ZOXTaTq5YlhRAW3YZ--VcMFhanm75VACLcBGAsYHQ\/s640\/Bio%25C3%25A9tica2.jpg\" width=\"640\" \/><\/a><\/div>\n<div style=\"text-align: center;\"><a href=\"https:\/\/www.sunchaleshoy.com.ar\/2020\/07\/23\/concejo-reunion-con-el-comite-de-bioetica\/\" target=\"_blank\" rel=\"noopener\"> FUENTE DE LA INFORMACI\u00d3N<\/a><\/div>\n<\/h1>\n<\/header>\n<\/div>\n","protected":false},"excerpt":{"rendered":"<p>Concejo: Reuni\u00f3n con el comit\u00e9 de Bio\u00e9tica -(Por: Prensa Concejo) \u2013 El Concejo Municipal recibi\u00f3 en sus instalaciones a integrantes del Comit\u00e9 de Bio\u00e9tica de Sunchales, para conocer detalles de su funcionamiento general en virtud de la emergencia sanitaria y el prop\u00f3sito fijado de continuar con dicha tarea en el tiempo. Este grupo comenz\u00f3 a [&hellip;]<\/p>\n","protected":false},"author":2,"featured_media":0,"comment_status":"open","ping_status":"open","sticky":false,"template":"","format":"standard","meta":{"footnotes":""},"categories":[105],"tags":[],"class_list":["post-145","post","type-post","status-publish","format-standard","hentry","category-coronavirus"],"_links":{"self":[{"href":"https:\/\/bioetica.ar\/index.php\/wp-json\/wp\/v2\/posts\/145","targetHints":{"allow":["GET"]}}],"collection":[{"href":"https:\/\/bioetica.ar\/index.php\/wp-json\/wp\/v2\/posts"}],"about":[{"href":"https:\/\/bioetica.ar\/index.php\/wp-json\/wp\/v2\/types\/post"}],"author":[{"embeddable":true,"href":"https:\/\/bioetica.ar\/index.php\/wp-json\/wp\/v2\/users\/2"}],"replies":[{"embeddable":true,"href":"https:\/\/bioetica.ar\/index.php\/wp-json\/wp\/v2\/comments?post=145"}],"version-history":[{"count":0,"href":"https:\/\/bioetica.ar\/index.php\/wp-json\/wp\/v2\/posts\/145\/revisions"}],"wp:attachment":[{"href":"https:\/\/bioetica.ar\/index.php\/wp-json\/wp\/v2\/media?parent=145"}],"wp:term":[{"taxonomy":"category","embeddable":true,"href":"https:\/\/bioetica.ar\/index.php\/wp-json\/wp\/v2\/categories?post=145"},{"taxonomy":"post_tag","embeddable":true,"href":"https:\/\/bioetica.ar\/index.php\/wp-json\/wp\/v2\/tags?post=145"}],"curies":[{"name":"wp","href":"https:\/\/api.w.org\/{rel}","templated":true}]}}