{"id":155,"date":"2020-06-05T11:50:00","date_gmt":"2020-06-05T11:50:00","guid":{"rendered":"https:\/\/bioetica.ar\/index.php\/2020\/06\/05\/america-latina-avanza-en-el-debate-bioetico-del-covid-19-unesco\/"},"modified":"2020-06-05T11:50:00","modified_gmt":"2020-06-05T11:50:00","slug":"america-latina-avanza-en-el-debate-bioetico-del-covid-19-unesco","status":"publish","type":"post","link":"https:\/\/bioetica.ar\/index.php\/2020\/06\/05\/america-latina-avanza-en-el-debate-bioetico-del-covid-19-unesco\/","title":{"rendered":"Am\u00e9rica Latina avanza en el debate bio\u00e9tico del COVID-19. UNESCO"},"content":{"rendered":"<div style=\"text-align: justify;\"><b><span style=\"color: blue; font-size: large;\">La UNESCO organiza un <a href=\"https:\/\/bit.ly\/2Au6Slj\">intercambio de alto nivel<\/a> sobre desaf\u00edos bio\u00e9ticos en el marco de la pandemia, a realizarse entre miembros de los Comit\u00e9s Nacionales de Bio\u00e9tica, encargados de asesorar a los gobiernos de la regi\u00f3n, y la audiencia que asista al evento<\/span><\/b><\/div>\n<div style=\"text-align: justify;\"><b><span style=\"color: blue; font-size: large;\"><br \/><\/span><\/b><\/div>\n<div style=\"text-align: justify;\"><b><span style=\"color: blue; font-size: large;\">El pr\u00f3ximo 11 de junio de 2020 se llevar\u00e1 a cabo un conversatorio entre los Comit\u00e9s Nacionales de Bio\u00e9tica (CNB) de cinco pa\u00edses de Am\u00e9rica Latina, organizado por el Programa Regional de Bio\u00e9tica de la UNESCO junto a la RedLAC de Comit\u00e9s Nacionales de Bio\u00e9tica.<\/span><\/b><\/div>\n<div style=\"text-align: justify;\"><b><span style=\"color: blue; font-size: large;\"><br \/><\/span><\/b><\/div>\n<div style=\"text-align: justify;\"><b><span style=\"color: blue; font-size: large;\">Durante este encuentro, las personas de la audiencia podr\u00e1n tambi\u00e9n tomar la palabra para compartir inquietudes que se desprenden de la delicada situaci\u00f3n sanitaria que azota al mundo. Esta actividad, que pretende fortalecer a la regi\u00f3n en cuestiones bio\u00e9ticas, busca generar un intercambio de alto nivel entre los y las asistentes al evento.<\/span><\/b><\/div>\n<div style=\"text-align: justify;\"><b><span style=\"color: blue; font-size: large;\"><br \/><\/span><\/b><\/div>\n<div style=\"text-align: justify;\"><b><span style=\"color: blue; font-size: large;\">La apertura del coloquio estar\u00e1 en manos de Lidia Brito, directora regional de Ciencias de la UNESCO para Am\u00e9rica Latina y El Caribe. Como principales invitados disertar\u00e1n V\u00edctor Pacheco (CNB Ecuador), Marta Ascurra (CNB Paraguay), Daphne Arbaje (CNB Rep. Dominicana), Constanza Ovalle (CNB Colombia) y Luis Francisco L\u00f3pez (CNB El Salvador), quienes han elaborado documentos orientativos para asesorar a sus respectivos gobiernos en cuestiones bio\u00e9ticas vinculadas al derecho del acceso a la salud de los ciudadanos en el marco de la crisis del COVID-19. Asimismo, produjeron, tambi\u00e9n, trabajos relativos a la tem\u00e1tica que se trataron en los comit\u00e9s de crisis de los gobiernos de Per\u00fa, Argentina y Chile.<\/span><\/b><\/div>\n<div style=\"text-align: justify;\"><b><span style=\"color: blue; font-size: large;\"><br \/><\/span><\/b><\/div>\n<div style=\"text-align: justify;\"><b><span style=\"color: blue; font-size: large;\">Los expertos realizar\u00e1n una serie de exposiciones para poder as\u00ed dar inicio al debate que ser\u00e1 moderado por Susana Vidal, especialista del Programa regional de Bio\u00e9tica de UNESCO. Esta reuni\u00f3n, que se enmarca dentro del programa de Asistencia a los CNB de UNESCO en asociaci\u00f3n con la RedLAC de Comit\u00e9s Nacionales de Bio\u00e9tica, se llevar\u00e1 a cabo con modalidad virtual mediante la plataforma Microsoft Teams a las 19:00 horas de Buenos Aires.<\/span><\/b><\/div>\n<div style=\"background-color: white; box-sizing: border-box; color: #333333; font-family: &quot;Open Sans&quot;, sans-serif;\">\n<div style=\"box-sizing: border-box;\">\n<div style=\"box-sizing: border-box;\">\n<div style=\"box-sizing: border-box;\">\n<div style=\"box-sizing: border-box; margin: 0px; padding: 20px 0px;\">\n<div style=\"box-sizing: border-box; margin-left: auto; margin-right: auto; padding: 0px; width: 900px;\">\n<div style=\"box-sizing: border-box; font-size: 16px; margin-left: 40px;\"><em style=\"box-sizing: border-box;\"><strong style=\"box-sizing: border-box;\">Para acceder, haga click en el siguiente link:&nbsp;<a href=\"https:\/\/bit.ly\/2Au6Slj\" style=\"background-color: transparent; box-sizing: border-box; color: #0165ba; outline: none; text-decoration-line: none;\" target=\"_blank\" rel=\"noopener\">https:\/\/bit.ly\/2Au6Slj<\/a>.<\/strong><\/em><\/div>\n<div style=\"box-sizing: border-box; font-size: 16px; margin-left: 40px;\"><em style=\"box-sizing: border-box;\"><strong style=\"box-sizing: border-box;\"><br \/><\/strong><\/em><\/div>\n<div style=\"box-sizing: border-box; margin-left: 40px; text-align: center;\"><em style=\"box-sizing: border-box;\"><strong style=\"box-sizing: border-box;\"><a href=\"https:\/\/es.unesco.org\/news\/america-latina-avanza-debate-bioetico-del-covid-19\" target=\"_blank\" rel=\"noopener\"><span style=\"font-size: x-large;\">FUENTE DE LA INFORMACI\u00d3N&nbsp;<\/span><\/a><\/strong><\/em><\/div>\n<\/div>\n<\/div>\n<\/div>\n<\/div>\n<\/div>\n<\/div>\n","protected":false},"excerpt":{"rendered":"<p>La UNESCO organiza un intercambio de alto nivel sobre desaf\u00edos bio\u00e9ticos en el marco de la pandemia, a realizarse entre miembros de los Comit\u00e9s Nacionales de Bio\u00e9tica, encargados de asesorar a los gobiernos de la regi\u00f3n, y la audiencia que asista al evento El pr\u00f3ximo 11 de junio de 2020 se llevar\u00e1 a cabo un [&hellip;]<\/p>\n","protected":false},"author":2,"featured_media":0,"comment_status":"open","ping_status":"open","sticky":false,"template":"","format":"standard","meta":{"footnotes":""},"categories":[105,73,96],"tags":[],"class_list":["post-155","post","type-post","status-publish","format-standard","hentry","category-coronavirus","category-red-unesco","category-unesco"],"_links":{"self":[{"href":"https:\/\/bioetica.ar\/index.php\/wp-json\/wp\/v2\/posts\/155","targetHints":{"allow":["GET"]}}],"collection":[{"href":"https:\/\/bioetica.ar\/index.php\/wp-json\/wp\/v2\/posts"}],"about":[{"href":"https:\/\/bioetica.ar\/index.php\/wp-json\/wp\/v2\/types\/post"}],"author":[{"embeddable":true,"href":"https:\/\/bioetica.ar\/index.php\/wp-json\/wp\/v2\/users\/2"}],"replies":[{"embeddable":true,"href":"https:\/\/bioetica.ar\/index.php\/wp-json\/wp\/v2\/comments?post=155"}],"version-history":[{"count":0,"href":"https:\/\/bioetica.ar\/index.php\/wp-json\/wp\/v2\/posts\/155\/revisions"}],"wp:attachment":[{"href":"https:\/\/bioetica.ar\/index.php\/wp-json\/wp\/v2\/media?parent=155"}],"wp:term":[{"taxonomy":"category","embeddable":true,"href":"https:\/\/bioetica.ar\/index.php\/wp-json\/wp\/v2\/categories?post=155"},{"taxonomy":"post_tag","embeddable":true,"href":"https:\/\/bioetica.ar\/index.php\/wp-json\/wp\/v2\/tags?post=155"}],"curies":[{"name":"wp","href":"https:\/\/api.w.org\/{rel}","templated":true}]}}