{"id":160,"date":"2020-05-02T16:37:00","date_gmt":"2020-05-02T16:37:00","guid":{"rendered":"https:\/\/bioetica.ar\/index.php\/2020\/05\/02\/diplomatura-bioetica-clinica-social-y-salud-publica\/"},"modified":"2020-05-02T16:37:00","modified_gmt":"2020-05-02T16:37:00","slug":"diplomatura-bioetica-clinica-social-y-salud-publica","status":"publish","type":"post","link":"https:\/\/bioetica.ar\/index.php\/2020\/05\/02\/diplomatura-bioetica-clinica-social-y-salud-publica\/","title":{"rendered":"DIPLOMATURA BIO\u00c9TICA CL\u00cdNICA SOCIAL Y SALUD P\u00daBLICA"},"content":{"rendered":"<div style=\"clear: both; text-align: center;\"><a href=\"http:\/\/www.iucbc.edu.ar\/index.php\/component\/sppagebuilder\/91-diplomatura-en-bioetica-clinica-social-y-salud-publica\" target=\"_blank\" rel=\"noopener\"><img loading=\"lazy\" decoding=\"async\" border=\"0\" data-original-height=\"1232\" data-original-width=\"1600\" height=\"492\" src=\"https:\/\/1.bp.blogspot.com\/-q3M-Ipq-Yt4\/Xq2heINIgZI\/AAAAAAAADEw\/5yc7neXzTe4vxZa32cn_ad1zAHZm3eq-QCLcBGAsYHQ\/s640\/Flyer%2Biucbc_Mesa%2Bde%2Btrabajo%2B1.png\" width=\"640\" \/><\/a><\/div>\n<p><\/p>\n<div style=\"text-align: center;\"><a href=\"http:\/\/www.iucbc.edu.ar\/index.php\/component\/sppagebuilder\/91-diplomatura-en-bioetica-clinica-social-y-salud-publica\" target=\"_blank\" rel=\"noopener\"><span style=\"font-size: x-large;\">Para Mayor Informaci\u00f3n<\/span><\/a><\/div>\n","protected":false},"excerpt":{"rendered":"<p>Para Mayor Informaci\u00f3n<\/p>\n","protected":false},"author":2,"featured_media":0,"comment_status":"open","ping_status":"open","sticky":false,"template":"","format":"standard","meta":{"footnotes":""},"categories":[111,10,81],"tags":[],"class_list":["post-160","post","type-post","status-publish","format-standard","hentry","category-diplomatura","category-iucbc","category-redbioetica"],"_links":{"self":[{"href":"https:\/\/bioetica.ar\/index.php\/wp-json\/wp\/v2\/posts\/160","targetHints":{"allow":["GET"]}}],"collection":[{"href":"https:\/\/bioetica.ar\/index.php\/wp-json\/wp\/v2\/posts"}],"about":[{"href":"https:\/\/bioetica.ar\/index.php\/wp-json\/wp\/v2\/types\/post"}],"author":[{"embeddable":true,"href":"https:\/\/bioetica.ar\/index.php\/wp-json\/wp\/v2\/users\/2"}],"replies":[{"embeddable":true,"href":"https:\/\/bioetica.ar\/index.php\/wp-json\/wp\/v2\/comments?post=160"}],"version-history":[{"count":0,"href":"https:\/\/bioetica.ar\/index.php\/wp-json\/wp\/v2\/posts\/160\/revisions"}],"wp:attachment":[{"href":"https:\/\/bioetica.ar\/index.php\/wp-json\/wp\/v2\/media?parent=160"}],"wp:term":[{"taxonomy":"category","embeddable":true,"href":"https:\/\/bioetica.ar\/index.php\/wp-json\/wp\/v2\/categories?post=160"},{"taxonomy":"post_tag","embeddable":true,"href":"https:\/\/bioetica.ar\/index.php\/wp-json\/wp\/v2\/tags?post=160"}],"curies":[{"name":"wp","href":"https:\/\/api.w.org\/{rel}","templated":true}]}}