{"id":175,"date":"2020-02-20T23:32:00","date_gmt":"2020-02-20T23:32:00","guid":{"rendered":"https:\/\/bioetica.ar\/index.php\/2020\/02\/20\/vii-seminario-regional-de-formacion-de-formadores-en-bioetica\/"},"modified":"2020-02-20T23:32:00","modified_gmt":"2020-02-20T23:32:00","slug":"vii-seminario-regional-de-formacion-de-formadores-en-bioetica","status":"publish","type":"post","link":"https:\/\/bioetica.ar\/index.php\/2020\/02\/20\/vii-seminario-regional-de-formacion-de-formadores-en-bioetica\/","title":{"rendered":"VII Seminario Regional de Formaci\u00f3n de Formadores en Bio\u00e9tica"},"content":{"rendered":"<p><img decoding=\"async\" alt=\"Inicio\" src=\"https:\/\/es.unesco.org\/sites\/all\/themes\/unesco\/bunesco\/logo.png\" \/><\/p>\n<p><span style=\"font-size: large;\">El Programa Regional de Bio\u00e9tica y \u00c9tica de la Ciencia de la UNESCO (Oficina de Montevideo y la Universidad Nacional Aut\u00f3noma de M\u00e9xico han abierto las inscripciones al \u201cVII Seminario Regional de Formaci\u00f3n de Formadores en Bio\u00e9tica\u201d. El mismo se realizar\u00e1 en Ciudad de M\u00e9xico, M\u00e9xico, del 3 al 7 de agosto de 2020.<\/p>\n<p>La actividad est\u00e1 orientada a capacitar a docentes que se desempe\u00f1en en la tarea educativa en bio\u00e9tica a nivel de pregrado o posgrado. El objetivo es formar expertos docentes brindando herramientas metodol\u00f3gicas en educaci\u00f3n en bio\u00e9tica (m\u00e9todo deliberativo, metodolog\u00eda problematizadora, uso de casos, ense\u00f1anza basada en problemas, etc.) y ofrecer estrategias especiales, como las TICs y el arte a distintos niveles.<\/p>\n<p>Tambi\u00e9n se incluir\u00e1n temas introductorios para la ampliaci\u00f3n de la agenda de la bio\u00e9tica y los contenidos educativos, como el enfoque de derechos humanos, temas medioambientales y sociales y construcci\u00f3n de una cultura de paz.<\/p>\n<p>Se trata de una oportunidad \u00fanica para formaci\u00f3n e intercambio de formadores, que reunir\u00e1 a destacados bioeticistas internacionales en torno a temas claves de la educaci\u00f3n en bio\u00e9tica desde el enfoque de Derechos Humanos que promueve la UNESCO.<\/p>\n<p>Invitamos a las entidades educativas de la Regi\u00f3n, a las Universidades y a los organismos que promueven la educaci\u00f3n en Bio\u00e9tica en Am\u00e9rica Latina y el Caribe a apoyar la participaci\u00f3n de sus docentes, as\u00ed como a todos aquellos docentes independientes interesados en el tema a inscribirse directamente.<\/p>\n<p>La inscripci\u00f3n es sin costo. A los participantes se les brindar\u00e1 la bibliograf\u00eda pertinente y adecuada alimentaci\u00f3n durante las horas del seminario. Los gastos de traslados, alojamiento y alimentaci\u00f3n (extra curso) deben ser cubiertos por los participantes, o sus entidades acad\u00e9micas.<\/span><\/p>\n<div><span style=\"font-size: large;\"><br \/>Los postulantes ser\u00e1n seleccionados por un comit\u00e9 constituido a tal fin.&nbsp;<\/span><\/div>\n<div><span style=\"font-size: large;\"><br \/>El curso se impartir\u00e1 solamente en espa\u00f1ol. <br \/>Carga horaria 40 horas <\/p>\n<p>Las inscripciones no tienen costo y est\u00e1n abiertas hasta el 8 de mayo de 2020<\/p>\n<p>Por m\u00e1s informaci\u00f3n local contactar a:&nbsp;<\/span><\/div>\n<div><span style=\"font-size: large;\">mi.garese@unesco.org o a.abella@unesco.org<\/span><\/p>\n<p><\/p>\n<div style=\"box-sizing: border-box; text-align: center;\"><a href=\"https:\/\/es.unesco.org\/news\/inscribase-al-vii-seminario-regional-formacion-formadores-bioetica\" target=\"_blank\" rel=\"noopener\"><span style=\"font-size: x-large;\">Para Mayor Informaci\u00f3n<\/span><\/a><\/div>\n<\/div>\n","protected":false},"excerpt":{"rendered":"<p>El Programa Regional de Bio\u00e9tica y \u00c9tica de la Ciencia de la UNESCO (Oficina de Montevideo y la Universidad Nacional Aut\u00f3noma de M\u00e9xico han abierto las inscripciones al \u201cVII Seminario Regional de Formaci\u00f3n de Formadores en Bio\u00e9tica\u201d. El mismo se realizar\u00e1 en Ciudad de M\u00e9xico, M\u00e9xico, del 3 al 7 de agosto de 2020. La [&hellip;]<\/p>\n","protected":false},"author":2,"featured_media":0,"comment_status":"open","ping_status":"open","sticky":false,"template":"","format":"standard","meta":{"footnotes":""},"categories":[96],"tags":[],"class_list":["post-175","post","type-post","status-publish","format-standard","hentry","category-unesco"],"_links":{"self":[{"href":"https:\/\/bioetica.ar\/index.php\/wp-json\/wp\/v2\/posts\/175","targetHints":{"allow":["GET"]}}],"collection":[{"href":"https:\/\/bioetica.ar\/index.php\/wp-json\/wp\/v2\/posts"}],"about":[{"href":"https:\/\/bioetica.ar\/index.php\/wp-json\/wp\/v2\/types\/post"}],"author":[{"embeddable":true,"href":"https:\/\/bioetica.ar\/index.php\/wp-json\/wp\/v2\/users\/2"}],"replies":[{"embeddable":true,"href":"https:\/\/bioetica.ar\/index.php\/wp-json\/wp\/v2\/comments?post=175"}],"version-history":[{"count":0,"href":"https:\/\/bioetica.ar\/index.php\/wp-json\/wp\/v2\/posts\/175\/revisions"}],"wp:attachment":[{"href":"https:\/\/bioetica.ar\/index.php\/wp-json\/wp\/v2\/media?parent=175"}],"wp:term":[{"taxonomy":"category","embeddable":true,"href":"https:\/\/bioetica.ar\/index.php\/wp-json\/wp\/v2\/categories?post=175"},{"taxonomy":"post_tag","embeddable":true,"href":"https:\/\/bioetica.ar\/index.php\/wp-json\/wp\/v2\/tags?post=175"}],"curies":[{"name":"wp","href":"https:\/\/api.w.org\/{rel}","templated":true}]}}