{"id":187,"date":"2019-12-04T20:20:00","date_gmt":"2019-12-04T20:20:00","guid":{"rendered":"https:\/\/bioetica.ar\/index.php\/2019\/12\/04\/acto-academico-de-fin-de-ano-programa-de-alfabetizacion-yo-si-puedo-comite-de-bioetica-hospital-rawson\/"},"modified":"2019-12-04T20:20:00","modified_gmt":"2019-12-04T20:20:00","slug":"acto-academico-de-fin-de-ano-programa-de-alfabetizacion-yo-si-puedo-comite-de-bioetica-hospital-rawson","status":"publish","type":"post","link":"https:\/\/bioetica.ar\/index.php\/2019\/12\/04\/acto-academico-de-fin-de-ano-programa-de-alfabetizacion-yo-si-puedo-comite-de-bioetica-hospital-rawson\/","title":{"rendered":"Acto Acad\u00e9mico de Fin de A\u00f1o . Programa de alfabetizaci\u00f3n Yo, si puedo. Comit\u00e9 de bio\u00e9tica Hospital Rawson"},"content":{"rendered":"<div style=\"clear: both; text-align: center;\"><a href=\"https:\/\/1.bp.blogspot.com\/-s_ClTfYyXpw\/XegUrDLnaLI\/AAAAAAAAC1Y\/F6YVBBOCmngrYSD_tGz6sQocLzT26dcagCLcBGAsYHQ\/s1600\/WhatsApp%2BImage%2B2019-12-04%2Bat%2B14.39.19%25281%2529.jpeg\" style=\"margin-left: 1em; margin-right: 1em;\"><img loading=\"lazy\" decoding=\"async\" border=\"0\" data-original-height=\"723\" data-original-width=\"1280\" height=\"361\" src=\"https:\/\/1.bp.blogspot.com\/-s_ClTfYyXpw\/XegUrDLnaLI\/AAAAAAAAC1Y\/F6YVBBOCmngrYSD_tGz6sQocLzT26dcagCLcBGAsYHQ\/s640\/WhatsApp%2BImage%2B2019-12-04%2Bat%2B14.39.19%25281%2529.jpeg\" width=\"640\" \/><\/a><\/div>\n<p><\/p>\n","protected":false},"excerpt":{"rendered":"","protected":false},"author":2,"featured_media":0,"comment_status":"open","ping_status":"open","sticky":false,"template":"","format":"standard","meta":{"footnotes":""},"categories":[33,143],"tags":[],"class_list":["post-187","post","type-post","status-publish","format-standard","hentry","category-alfabetizacion","category-hospital-rawson"],"_links":{"self":[{"href":"https:\/\/bioetica.ar\/index.php\/wp-json\/wp\/v2\/posts\/187","targetHints":{"allow":["GET"]}}],"collection":[{"href":"https:\/\/bioetica.ar\/index.php\/wp-json\/wp\/v2\/posts"}],"about":[{"href":"https:\/\/bioetica.ar\/index.php\/wp-json\/wp\/v2\/types\/post"}],"author":[{"embeddable":true,"href":"https:\/\/bioetica.ar\/index.php\/wp-json\/wp\/v2\/users\/2"}],"replies":[{"embeddable":true,"href":"https:\/\/bioetica.ar\/index.php\/wp-json\/wp\/v2\/comments?post=187"}],"version-history":[{"count":0,"href":"https:\/\/bioetica.ar\/index.php\/wp-json\/wp\/v2\/posts\/187\/revisions"}],"wp:attachment":[{"href":"https:\/\/bioetica.ar\/index.php\/wp-json\/wp\/v2\/media?parent=187"}],"wp:term":[{"taxonomy":"category","embeddable":true,"href":"https:\/\/bioetica.ar\/index.php\/wp-json\/wp\/v2\/categories?post=187"},{"taxonomy":"post_tag","embeddable":true,"href":"https:\/\/bioetica.ar\/index.php\/wp-json\/wp\/v2\/tags?post=187"}],"curies":[{"name":"wp","href":"https:\/\/api.w.org\/{rel}","templated":true}]}}