{"id":20,"date":"2022-11-16T21:55:00","date_gmt":"2022-11-16T21:55:00","guid":{"rendered":""},"modified":"2023-01-26T14:23:02","modified_gmt":"2023-01-26T14:23:02","slug":"x-jornadas-provinciales-de-bioetica-grabaciones-de-las-jornadas","status":"publish","type":"post","link":"https:\/\/bioetica.ar\/index.php\/2022\/11\/16\/x-jornadas-provinciales-de-bioetica-grabaciones-de-las-jornadas\/","title":{"rendered":"X JORNADAS PROVINCIALES DE BIO\u00c9TICA. Grabaciones de las Jornadas"},"content":{"rendered":"<p>&nbsp;<\/p>\n<div style=\"clear: both; text-align: center;\"><a href=\"http:\/\/bioetica.ar\/wp-content\/uploads\/2022\/11\/Flyer-20x-20jornadas-20provinciales-20de-20bio-C3-A9tica-20-11-.png\" style=\"margin-left: 1em; margin-right: 1em;\"><img loading=\"lazy\" decoding=\"async\" border=\"0\" data-original-height=\"2000\" data-original-width=\"1414\" height=\"681\" src=\"http:\/\/bioetica.ar\/wp-content\/uploads\/2022\/11\/Flyer-20x-20jornadas-20provinciales-20de-20bio-C3-A9tica-20-11--212x300.png\" width=\"481\" \/><\/a><\/div>\n<div style=\"clear: both; text-align: center;\"><span style=\"color: #2b00fe; font-size: x-large;\"><br \/><\/span><\/div>\n<div style=\"clear: both; text-align: center;\"><span style=\"color: #2b00fe; font-size: x-large;\">GRABACIONES DE LAS JORNADAS PROVINCIALES DE BIO\u00c9TICA<\/span><\/div>\n<div style=\"clear: both; text-align: center;\">&#8212;&#8212;&#8212;&#8212;&#8212;&#8212;&#8212;&#8212;&#8212;&#8212;&#8212;&#8212;&#8212;&#8212;&#8212;&#8212;&#8212;&#8212;&#8212;&#8212;&#8212;&#8212;&#8211;<\/div>\n<div style=\"clear: both; text-align: center;\"><\/div>\n<div style=\"clear: both; text-align: center;\"><span style=\"color: #351c75; font-size: large;\"><b><u>Conferencia:<\/u><\/b><\/span><\/div>\n<div style=\"clear: both; text-align: center;\"><span style=\"color: #351c75; font-size: large;\"><b>&#8220;La solidaridad como fundamento del trabajo en redes&#8221;<\/b><\/span><\/div>\n<div style=\"clear: both; text-align: center;\"><b><span style=\"color: #351c75;\"><span style=\"font-size: large;\">Dr. Ignacio Maglio<\/span>&nbsp;<\/span><\/b><\/p>\n<div style=\"clear: both; text-align: center;\"><\/div>\n<\/div>\n<div style=\"clear: both; text-align: center;\"><iframe loading=\"lazy\" allowfullscreen=\"\" height=\"380\" src=\"https:\/\/www.youtube.com\/embed\/mmefBSY5NG4\" width=\"586\" youtube-src-><\/iframe><\/div>\n<div style=\"text-align: center;\"><a href=\"https:\/\/drive.google.com\/file\/d\/1ATIi9DttBBLdtbI0bRgEjUKHSl-IRh4U\/view?usp=share_link\" target=\"_blank\" rel=\"noopener\">Power de Presentaci\u00f3n (PDF)<\/a><\/div>\n<div style=\"clear: both; text-align: center;\">&#8212;&#8212;&#8212;&#8212;&#8212;&#8212;&#8212;&#8212;&#8212;&#8212;&#8212;&#8212;&#8212;&#8212;&#8212;&#8212;&#8212;&#8212;&#8212;&#8212;&#8212;&#8212;&#8212;&#8212;&#8212;&#8212;&#8212;&#8212;&#8212;&#8212;&#8212;&#8212;&#8212;&#8212;&#8212;&#8212;&#8212;&#8212;-<\/div>\n<div style=\"text-align: center;\"><span style=\"color: #0b5394; font-size: large;\"><b><u>Panel:<\/u><\/b><\/span><\/div>\n<div style=\"text-align: center;\"><span style=\"color: #0b5394; font-size: large;\"><b>El trabajo en redes como fundamento y sustento de la acci\u00f3n<\/b><\/span><\/div>\n<div style=\"text-align: center;\"><span style=\"font-size: x-large;\"><b><span style=\"color: #0b5394;\">-Cristina Donda (UNESCO).<\/span><\/b><\/span><\/div>\n<div style=\"text-align: center;\"><span style=\"font-size: x-large;\"><b><span style=\"color: #0b5394;\">-Diego Fonti (UCC).<\/span><\/b><\/span><\/div>\n<div style=\"text-align: center;\"><span style=\"font-size: x-large;\"><b><span style=\"color: #0b5394;\">-Virginia Viale (consejo de m\u00e9dicos\/ red Comit\u00e9s Hospitalarios de Bio\u00e9tica)<\/span><\/b><\/span><\/div>\n<p style=\"text-align: center;\"><span style=\"font-size: x-large;\"><\/span><\/p>\n<div style=\"clear: both; text-align: center;\">\n<div style=\"clear: both; text-align: center;\"><iframe loading=\"lazy\" allowfullscreen=\"\" height=\"363\" src=\"https:\/\/www.youtube.com\/embed\/oQyqouWW82w\" width=\"582\" youtube-src-><\/iframe><\/div>\n<p><\/div>\n<div style=\"clear: both; text-align: center;\">&#8212;&#8212;&#8212;&#8212;&#8212;&#8212;&#8212;&#8212;&#8212;&#8212;&#8212;&#8212;&#8212;&#8212;&#8212;&#8212;&#8212;&#8212;&#8212;&#8212;&#8212;&#8212;&#8212;&#8212;&#8212;&#8212;&#8212;&#8212;&#8212;&#8212;&#8212;&#8212;&#8212;&#8212;&#8212;&#8212;&#8212;&#8212;-<\/div>\n<div style=\"text-align: center;\"><span style=\"color: #351c75; font-size: x-large;\"><b><u>Mesa redonda:<\/u>&nbsp;<\/b><\/span><\/div>\n<div style=\"text-align: center;\"><span style=\"color: #351c75; font-size: x-large;\"><b>Trabajo en redes en bio\u00e9tica<\/b><\/span><\/div>\n<div style=\"clear: both; text-align: center;\"><span style=\"font-size: large;\"><br \/><\/span><\/div>\n<div style=\"clear: both; text-align: center;\"><b><span style=\"color: #351c75; font-size: large;\">Presentaci\u00f3n de&nbsp;<span style=\"text-indent: 35.4pt;\"><span lang=\"ES\">M\u00f3nica Heinzmann<\/span><\/span><span lang=\"ES\" style=\"text-indent: 35.4pt;\">&nbsp;<\/span><\/span><\/b><\/div>\n<div style=\"clear: both; text-align: center;\"><b><span lang=\"ES\" style=\"text-indent: 35.4pt;\"><span style=\"color: #351c75;\">(nodo C\u00f3rdoba. Red bio\u00e9tica)<\/span><\/span><\/b><\/div>\n<div style=\"clear: both; text-align: center;\">\n<div style=\"clear: both; font-weight: bold; text-align: center;\"><iframe loading=\"lazy\" allowfullscreen=\"\" height=\"331\" src=\"https:\/\/www.youtube.com\/embed\/XnKbcQmP_pI\" width=\"516\" youtube-src-><\/iframe><\/div>\n<p><b><\/p>\n<div style=\"clear: both; text-align: center;\"><b><a href=\"https:\/\/drive.google.com\/file\/d\/1Oqs5a2d011FCgORzFRSWMWft1ca6ZCJM\/view?usp=share_link\" target=\"_blank\" rel=\"noopener\">Power de Presentaci\u00f3n (PDF)<\/a><br \/><\/b><\/div>\n<div style=\"clear: both; text-align: center;\"><b><span style=\"font-size: large;\"><br \/><\/span><\/b><\/div>\n<p><span style=\"color: #351c75; font-size: large;\">Presentaci\u00f3n de&nbsp;<span lang=\"ES\" style=\"font-family: Calibri, sans-serif; line-height: 107%;\">Martha Marcela Rodriguez Alan\u00eds<\/span><\/span><\/b><\/div>\n<div style=\"clear: both; text-align: center;\"><b><span lang=\"ES\" style=\"font-family: Calibri, sans-serif; line-height: 107%;\"><span style=\"color: #351c75;\"> ( mesa ejecutiva&nbsp; Red LACEB- Unesco coordinadora red mexicana de educaci\u00f3n en bio\u00e9tica)<\/span><\/span><\/b><\/div>\n<div style=\"clear: both; text-align: center;\"><span style=\"font-family: Calibri, sans-serif;\"><\/p>\n<div style=\"clear: both; text-align: center;\"><iframe loading=\"lazy\" allowfullscreen=\"\" height=\"364\" src=\"https:\/\/www.youtube.com\/embed\/r8HxWN9uAgI\" width=\"588\" youtube-src-><\/iframe><\/div>\n<div style=\"clear: both; font-size: 14.6667px; text-align: center;\"><span style=\"font-family: Calibri, sans-serif;\"><span style=\"font-size: 14.6667px;\"><br \/><\/span><\/span><\/div>\n<p><b><span style=\"color: #351c75; font-size: large;\">Presentaci\u00f3n de&nbsp;<\/span><\/b><\/span><b><span style=\"color: #351c75; font-size: large;\"><span lang=\"ES\" style=\"font-family: Calibri, sans-serif; line-height: 107%;\">Jorge Berlaffa<\/span><span lang=\"ES\" style=\"font-family: Calibri, sans-serif; line-height: 107%;\">&nbsp;<\/span><\/span><\/b><\/div>\n<div style=\"clear: both;\"><span lang=\"ES\" style=\"font-family: Calibri, sans-serif; line-height: 107%;\"><b><span style=\"color: #351c75; font-size: large;\">(red provincial de CHB Cba.)<\/span><\/b><\/span><span style=\"font-family: Calibri, sans-serif;\"><b style=\"font-size: 14.6667px;\"><br \/><\/b><\/p>\n<div style=\"clear: both; font-size: 14.6667px; text-align: center;\"><iframe loading=\"lazy\" allowfullscreen=\"\" height=\"367\" src=\"https:\/\/www.youtube.com\/embed\/TVyhqtpOjNY\" width=\"547\" youtube-src-><\/iframe><\/div>\n<p><\/p>\n<div style=\"clear: both; font-size: 14.6667px; text-align: center;\"><\/div>\n<div style=\"clear: both; text-align: center;\">\n<p><b><span lang=\"ES\"><span style=\"color: #351c75; font-size: x-large;\"><u>Mesa Redonda<\/u><\/span><\/span><\/b><\/p>\n<p><b><span lang=\"ES\"><span style=\"color: #351c75; font-size: x-large;\">&nbsp;La bio\u00e9tica en el final de la vida. Desaf\u00edos y pregustas sobre adecuaci\u00f3n del esfuerzo terap\u00e9utico (AET<\/span><span style=\"color: #351c75; font-size: large;\">)<\/span><span style=\"font-size: 14.6667px;\"><o:p><\/o:p><\/span><\/span><\/b><\/p>\n<\/div>\n<div style=\"clear: both; text-align: center;\"><span style=\"font-family: Calibri, sans-serif; font-size: large;\">&#8212;&#8212;&#8212;&#8212;&#8212;&#8212;&#8212;&#8212;&#8212;&#8212;&#8212;&#8212;<\/span><\/div>\n<p><\/span><span style=\"color: #351c75; font-size: large;\"><\/p>\n<div style=\"text-align: center;\"><b>Presentaci\u00f3n de Julio Bartoli<\/b><\/div>\n<p><\/span><\/div>\n<div style=\"clear: both; text-align: center;\"><span style=\"font-family: Calibri, sans-serif;\"><span style=\"color: #351c75;\"><\/p>\n<div style=\"clear: both; font-size: x-large; text-align: center;\"><iframe loading=\"lazy\" allowfullscreen=\"\" height=\"372\" src=\"https:\/\/www.youtube.com\/embed\/41J2_C6HIdg\" width=\"584\" youtube-src-><\/iframe><\/div>\n<p><a href=\"https:\/\/drive.google.com\/file\/d\/17hQ_7CRo1rW9ZTv2LidSRaC2J1t1dQqU\/view?usp=share_link\" target=\"_blank\" rel=\"noopener\"><span style=\"font-size: medium;\">Power de Presentaci\u00f3n (PDF)<\/span><\/a><br \/><b style=\"font-size: x-large;\"><br \/><\/b><\/span><\/span><\/div>\n<div style=\"clear: both; text-align: center;\"><span style=\"font-family: Calibri, sans-serif;\"><b><span style=\"font-size: medium;\">&#8212;&#8212;&#8212;&#8212;&#8212;&#8212;&#8212;&#8212;&#8212;&#8212;&#8212;<\/span><br \/><\/b><\/span><\/div>\n<div style=\"clear: both;\"><span lang=\"ES\" style=\"text-indent: 35.4pt;\"><\/p>\n<div style=\"clear: both;\">\n<div style=\"text-align: center;\"><span style=\"font-size: x-large; text-indent: 35.4pt;\"><span style=\"color: #351c75;\">Presentaci\u00f3n de Pecas Soriano<\/span><\/span><\/div>\n<p><span style=\"color: #351c75; font-size: large;\"><\/p>\n<div style=\"text-align: center;\"><b style=\"text-indent: 35.4pt;\"><iframe loading=\"lazy\" allowfullscreen=\"\" height=\"365\" src=\"https:\/\/www.youtube.com\/embed\/AIpIOiKy7QU\" width=\"577\" youtube-src-><\/iframe><\/b><\/div>\n<p><\/span><\/div>\n<div style=\"clear: both; font-weight: bold; text-align: center;\"><\/div>\n<div style=\"clear: both; font-weight: bold; text-align: center;\"><b style=\"font-family: Calibri, sans-serif; text-indent: 0px;\"><span style=\"font-size: medium;\">&#8212;&#8212;&#8212;&#8212;&#8212;&#8212;&#8212;&#8212;&#8212;&#8212;&#8212;<\/span><\/b><\/div>\n<p><span style=\"font-size: large;\"><\/p>\n<div style=\"text-align: center;\"><span style=\"text-indent: 35.4pt;\"><span style=\"color: #351c75;\"><b>Presentaci\u00f3n de Susana Cirruzi<\/b><\/span><\/span><\/div>\n<p><\/span><\/p>\n<div style=\"clear: both; font-weight: bold; text-align: center;\"><b style=\"font-family: Calibri, sans-serif; text-indent: 0px;\"><\/p>\n<div style=\"clear: both; text-align: center;\"><iframe loading=\"lazy\" allowfullscreen=\"\" height=\"386\" src=\"https:\/\/www.youtube.com\/embed\/Wo7iuaGbRB0\" width=\"596\" youtube-src-><\/iframe><\/div>\n<p><a href=\"https:\/\/drive.google.com\/file\/d\/1KOV866UCFcg2W3IlUSoNt0MSiYE30_EZ\/view?usp=share_link\" target=\"_blank\" rel=\"noopener\">Power de Presentaci\u00f3n (PDF)<\/a><br \/><span style=\"font-size: medium;\"><br \/><\/span><\/b><\/div>\n<p><span style=\"color: #351c75; font-size: large; font-weight: bold;\"><br \/><\/span><\/span><\/div>\n<p style=\"margin-left: 70.8pt; text-indent: 35.4pt;\"><span lang=\"ES\"><o:p><\/o:p><\/span><\/p>\n<p><\/p>\n<div style=\"clear: both; text-align: center;\"><\/div>\n<p><span style=\"color: #2b00fe;\"><br \/><\/span><\/p>\n<p><\/p>\n","protected":false},"excerpt":{"rendered":"<p>&nbsp; GRABACIONES DE LAS JORNADAS PROVINCIALES DE BIO\u00c9TICA &#8212;&#8212;&#8212;&#8212;&#8212;&#8212;&#8212;&#8212;&#8212;&#8212;&#8212;&#8212;&#8212;&#8212;&#8212;&#8212;&#8212;&#8212;&#8212;&#8212;&#8212;&#8212;&#8211; Conferencia: &#8220;La solidaridad como fundamento del trabajo en redes&#8221; Dr. Ignacio Maglio&nbsp; Power de Presentaci\u00f3n (PDF) &#8212;&#8212;&#8212;&#8212;&#8212;&#8212;&#8212;&#8212;&#8212;&#8212;&#8212;&#8212;&#8212;&#8212;&#8212;&#8212;&#8212;&#8212;&#8212;&#8212;&#8212;&#8212;&#8212;&#8212;&#8212;&#8212;&#8212;&#8212;&#8212;&#8212;&#8212;&#8212;&#8212;&#8212;&#8212;&#8212;&#8212;&#8212;- Panel: El trabajo en redes como fundamento y sustento de la acci\u00f3n -Cristina Donda (UNESCO). -Diego Fonti (UCC). -Virginia Viale (consejo de m\u00e9dicos\/ red Comit\u00e9s Hospitalarios de Bio\u00e9tica) &#8212;&#8212;&#8212;&#8212;&#8212;&#8212;&#8212;&#8212;&#8212;&#8212;&#8212;&#8212;&#8212;&#8212;&#8212;&#8212;&#8212;&#8212;&#8212;&#8212;&#8212;&#8212;&#8212;&#8212;&#8212;&#8212;&#8212;&#8212;&#8212;&#8212;&#8212;&#8212;&#8212;&#8212;&#8212;&#8212;&#8212;&#8212;- [&hellip;]<\/p>\n","protected":false},"author":2,"featured_media":428,"comment_status":"open","ping_status":"open","sticky":false,"template":"","format":"standard","meta":{"footnotes":""},"categories":[9,12,8,10,7,11],"tags":[],"class_list":["post-20","post","type-post","status-publish","format-standard","has-post-thumbnail","hentry","category-area-de-bioetica","category-consejo-medico-de-cordoba","category-feib","category-iucbc","category-universidad-catolica-de-cordoba","category-x-jornadas-provinciales-de-bioetica"],"_links":{"self":[{"href":"https:\/\/bioetica.ar\/index.php\/wp-json\/wp\/v2\/posts\/20","targetHints":{"allow":["GET"]}}],"collection":[{"href":"https:\/\/bioetica.ar\/index.php\/wp-json\/wp\/v2\/posts"}],"about":[{"href":"https:\/\/bioetica.ar\/index.php\/wp-json\/wp\/v2\/types\/post"}],"author":[{"embeddable":true,"href":"https:\/\/bioetica.ar\/index.php\/wp-json\/wp\/v2\/users\/2"}],"replies":[{"embeddable":true,"href":"https:\/\/bioetica.ar\/index.php\/wp-json\/wp\/v2\/comments?post=20"}],"version-history":[{"count":1,"href":"https:\/\/bioetica.ar\/index.php\/wp-json\/wp\/v2\/posts\/20\/revisions"}],"predecessor-version":[{"id":429,"href":"https:\/\/bioetica.ar\/index.php\/wp-json\/wp\/v2\/posts\/20\/revisions\/429"}],"wp:featuredmedia":[{"embeddable":true,"href":"https:\/\/bioetica.ar\/index.php\/wp-json\/wp\/v2\/media\/428"}],"wp:attachment":[{"href":"https:\/\/bioetica.ar\/index.php\/wp-json\/wp\/v2\/media?parent=20"}],"wp:term":[{"taxonomy":"category","embeddable":true,"href":"https:\/\/bioetica.ar\/index.php\/wp-json\/wp\/v2\/categories?post=20"},{"taxonomy":"post_tag","embeddable":true,"href":"https:\/\/bioetica.ar\/index.php\/wp-json\/wp\/v2\/tags?post=20"}],"curies":[{"name":"wp","href":"https:\/\/api.w.org\/{rel}","templated":true}]}}