{"id":202,"date":"2019-10-22T14:01:00","date_gmt":"2019-10-22T14:01:00","guid":{"rendered":"https:\/\/bioetica.ar\/index.php\/2019\/10\/22\/reunion-de-octubre-seminario-taller-de-bioetica-clinica-2\/"},"modified":"2019-10-22T14:01:00","modified_gmt":"2019-10-22T14:01:00","slug":"reunion-de-octubre-seminario-taller-de-bioetica-clinica-2","status":"publish","type":"post","link":"https:\/\/bioetica.ar\/index.php\/2019\/10\/22\/reunion-de-octubre-seminario-taller-de-bioetica-clinica-2\/","title":{"rendered":"Reuni\u00f3n de Octubre. Seminario Taller de bio\u00e9tica cl\u00ednica"},"content":{"rendered":"<div style=\"clear: both; text-align: center;\"><a href=\"https:\/\/1.bp.blogspot.com\/-sqY4MC2Yhcs\/XZys88ViVGI\/AAAAAAAACnQ\/zqtndQWzN5YaaxWH5U_nFp_izfSDR2v8ACLcBGAsYHQ\/s1600\/Flyer%2Boctubre.png\" style=\"margin-left: 1em; margin-right: 1em;\"><img decoding=\"async\" border=\"0\" data-original-height=\"1123\" data-original-width=\"794\" src=\"https:\/\/1.bp.blogspot.com\/-sqY4MC2Yhcs\/XZys88ViVGI\/AAAAAAAACnQ\/zqtndQWzN5YaaxWH5U_nFp_izfSDR2v8ACLcBGAsYHQ\/s1600\/Flyer%2Boctubre.png\" \/><\/a><\/div>\n<div style=\"clear: both; text-align: center;\"><\/div>\n<div style=\"clear: both; text-align: center;\"><\/div>\n<p><\/p>\n<div style=\"text-align: center;\"><span style=\"color: blue; font-size: x-large;\"><br \/><\/span><\/div>\n<div style=\"text-align: center;\"><span style=\"color: blue; font-size: x-large;\">Algunas fotos de la reuni\u00f3n<\/span><\/div>\n<div style=\"text-align: center;\"><\/div>\n<div style=\"text-align: center;\"><\/div>\n<div style=\"text-align: center;\"><a href=\"http:\/\/picasion.com\/\"><img loading=\"lazy\" decoding=\"async\" alt=\"http:\/\/picasion.com\/\" border=\"0\" height=\"465\" src=\"https:\/\/i.picasion.com\/pic89\/ffe7afcc8f4626e355fc28fc5264225b.gif\" width=\"640\" \/><\/a><\/div>\n<div style=\"text-align: center;\"><span style=\"font-size: x-large;\"><br \/><\/span><\/div>\n<div style=\"text-align: center;\"><span style=\"font-size: x-large;\"><br \/><\/span><\/div>\n<div style=\"text-align: center;\"><span style=\"font-size: x-large;\">TODO EL MATERIAL SE ENCUENTRA EN LA PAGINA WEB DEL \u00c1REA DE BIO\u00c9TICA<\/span><br \/><span style=\"font-size: x-large;\"><a href=\"https:\/\/www.cba.gov.ar\/septima-reunion-octubre-2019\/\">https:\/\/www.cba.gov.ar\/septima-reunion-octubre-2019\/<\/a><\/span><\/p>\n<\/div>\n<div style=\"text-align: center;\"><a href=\"https:\/\/www.cba.gov.ar\/septima-reunion-octubre-2019\/\" target=\"_blank\" rel=\"noopener\"><span style=\"font-size: x-large;\">Videos de las Ponencias<\/span><\/a><\/div>\n","protected":false},"excerpt":{"rendered":"<p>Algunas fotos de la reuni\u00f3n TODO EL MATERIAL SE ENCUENTRA EN LA PAGINA WEB DEL \u00c1REA DE BIO\u00c9TICAhttps:\/\/www.cba.gov.ar\/septima-reunion-octubre-2019\/ Videos de las Ponencias<\/p>\n","protected":false},"author":2,"featured_media":0,"comment_status":"open","ping_status":"open","sticky":false,"template":"","format":"standard","meta":{"footnotes":""},"categories":[3],"tags":[],"class_list":["post-202","post","type-post","status-publish","format-standard","hentry","category-red-de-comite-de-bioetica"],"_links":{"self":[{"href":"https:\/\/bioetica.ar\/index.php\/wp-json\/wp\/v2\/posts\/202","targetHints":{"allow":["GET"]}}],"collection":[{"href":"https:\/\/bioetica.ar\/index.php\/wp-json\/wp\/v2\/posts"}],"about":[{"href":"https:\/\/bioetica.ar\/index.php\/wp-json\/wp\/v2\/types\/post"}],"author":[{"embeddable":true,"href":"https:\/\/bioetica.ar\/index.php\/wp-json\/wp\/v2\/users\/2"}],"replies":[{"embeddable":true,"href":"https:\/\/bioetica.ar\/index.php\/wp-json\/wp\/v2\/comments?post=202"}],"version-history":[{"count":0,"href":"https:\/\/bioetica.ar\/index.php\/wp-json\/wp\/v2\/posts\/202\/revisions"}],"wp:attachment":[{"href":"https:\/\/bioetica.ar\/index.php\/wp-json\/wp\/v2\/media?parent=202"}],"wp:term":[{"taxonomy":"category","embeddable":true,"href":"https:\/\/bioetica.ar\/index.php\/wp-json\/wp\/v2\/categories?post=202"},{"taxonomy":"post_tag","embeddable":true,"href":"https:\/\/bioetica.ar\/index.php\/wp-json\/wp\/v2\/tags?post=202"}],"curies":[{"name":"wp","href":"https:\/\/api.w.org\/{rel}","templated":true}]}}