{"id":204,"date":"2019-10-14T21:25:00","date_gmt":"2019-10-14T21:25:00","guid":{"rendered":"https:\/\/bioetica.ar\/index.php\/2019\/10\/14\/charla-abierta-el-dolor-en-los-ninos-cuidado-y-acompanamiento-en-ninos-y-adolescentes\/"},"modified":"2019-10-14T21:25:00","modified_gmt":"2019-10-14T21:25:00","slug":"charla-abierta-el-dolor-en-los-ninos-cuidado-y-acompanamiento-en-ninos-y-adolescentes","status":"publish","type":"post","link":"https:\/\/bioetica.ar\/index.php\/2019\/10\/14\/charla-abierta-el-dolor-en-los-ninos-cuidado-y-acompanamiento-en-ninos-y-adolescentes\/","title":{"rendered":"Charla Abierta El dolor en los ni\u00f1os.. cuidado y acompa\u00f1amiento en ni\u00f1os y adolescentes."},"content":{"rendered":"<div style=\"clear: both; text-align: center;\"><a href=\"https:\/\/1.bp.blogspot.com\/-ytP-i559u6Y\/XaTnTi63_aI\/AAAAAAAACoo\/RuSxL1SkizIZP4LY5I8MyFoJCbJB2y-XgCLcBGAsYHQ\/s1600\/WhatsApp%2BImage%2B2019-10-13%2Bat%2B18.48.50.jpeg\" style=\"margin-left: 1em; margin-right: 1em;\"><img decoding=\"async\" border=\"0\" data-original-height=\"488\" data-original-width=\"868\" src=\"https:\/\/1.bp.blogspot.com\/-ytP-i559u6Y\/XaTnTi63_aI\/AAAAAAAACoo\/RuSxL1SkizIZP4LY5I8MyFoJCbJB2y-XgCLcBGAsYHQ\/s1600\/WhatsApp%2BImage%2B2019-10-13%2Bat%2B18.48.50.jpeg\" \/><\/a><\/div>\n<p><\/p>\n","protected":false},"excerpt":{"rendered":"","protected":false},"author":2,"featured_media":0,"comment_status":"open","ping_status":"open","sticky":false,"template":"","format":"standard","meta":{"footnotes":""},"categories":[46,31,7],"tags":[],"class_list":["post-204","post","type-post","status-publish","format-standard","hentry","category-cuidados-paliativos","category-fernanda-marchetti","category-universidad-catolica-de-cordoba"],"_links":{"self":[{"href":"https:\/\/bioetica.ar\/index.php\/wp-json\/wp\/v2\/posts\/204","targetHints":{"allow":["GET"]}}],"collection":[{"href":"https:\/\/bioetica.ar\/index.php\/wp-json\/wp\/v2\/posts"}],"about":[{"href":"https:\/\/bioetica.ar\/index.php\/wp-json\/wp\/v2\/types\/post"}],"author":[{"embeddable":true,"href":"https:\/\/bioetica.ar\/index.php\/wp-json\/wp\/v2\/users\/2"}],"replies":[{"embeddable":true,"href":"https:\/\/bioetica.ar\/index.php\/wp-json\/wp\/v2\/comments?post=204"}],"version-history":[{"count":0,"href":"https:\/\/bioetica.ar\/index.php\/wp-json\/wp\/v2\/posts\/204\/revisions"}],"wp:attachment":[{"href":"https:\/\/bioetica.ar\/index.php\/wp-json\/wp\/v2\/media?parent=204"}],"wp:term":[{"taxonomy":"category","embeddable":true,"href":"https:\/\/bioetica.ar\/index.php\/wp-json\/wp\/v2\/categories?post=204"},{"taxonomy":"post_tag","embeddable":true,"href":"https:\/\/bioetica.ar\/index.php\/wp-json\/wp\/v2\/tags?post=204"}],"curies":[{"name":"wp","href":"https:\/\/api.w.org\/{rel}","templated":true}]}}