{"id":246,"date":"2019-07-29T13:00:00","date_gmt":"2019-07-29T13:00:00","guid":{"rendered":"https:\/\/bioetica.ar\/index.php\/2019\/07\/29\/muerte-digna-para-los-especialistas-la-ley-argentina-es-ambigua-e-incompleta-noticia-de-la-voz-del-interior\/"},"modified":"2019-07-29T13:00:00","modified_gmt":"2019-07-29T13:00:00","slug":"muerte-digna-para-los-especialistas-la-ley-argentina-es-ambigua-e-incompleta-noticia-de-la-voz-del-interior","status":"publish","type":"post","link":"https:\/\/bioetica.ar\/index.php\/2019\/07\/29\/muerte-digna-para-los-especialistas-la-ley-argentina-es-ambigua-e-incompleta-noticia-de-la-voz-del-interior\/","title":{"rendered":"Muerte digna: para los especialistas, la ley argentina es ambigua e incompleta. Noticia de La Voz del Interior"},"content":{"rendered":"<div style=\"box-sizing: inherit; margin-bottom: 0px;\">\n<div style=\"clear: both; text-align: center;\"><a href=\"http:\/\/4.bp.blogspot.com\/-WiCt_Ns-G18\/XT9-q2kvyeI\/AAAAAAAACRo\/t-mL4Lx9Z2ojNAuIpDYpvowIcen74SG8ACK4BGAYYCw\/s1600\/DATA_ART_3904299_1564357760.jpg\" style=\"margin-left: 1em; margin-right: 1em;\"><img loading=\"lazy\" decoding=\"async\" border=\"0\" height=\"241\" src=\"https:\/\/4.bp.blogspot.com\/-WiCt_Ns-G18\/XT9-q2kvyeI\/AAAAAAAACRo\/t-mL4Lx9Z2ojNAuIpDYpvowIcen74SG8ACK4BGAYYCw\/s400\/DATA_ART_3904299_1564357760.jpg\" width=\"400\" \/><\/a><\/div>\n<div style=\"clear: both; text-align: center;\">La historia del franc\u00e9s Vincent Lambert reabri\u00f3 el debate sobre la legislaci\u00f3n local.<\/div>\n<p>&nbsp;En Argentina y en C\u00f3rdoba, hubo varios pedidos de enfermos terminales en los \u00faltimos a\u00f1os.<br \/>La ley argentina establece que cuando un paciente sufre una enfermedad \u201cirreversible, incurable o terminal\u201d, puede negarse a que lo mantengan con vida, aunque \u201csu redacci\u00f3n es ambigua\u201d, afirman los especialistas.<\/div>\n<div style=\"box-sizing: inherit; margin-bottom: 0px;\">\u201cEn Argentina existen dos grandes marcos regulatorios que permiten tomar decisiones al final de la vida: la mal llamada \u201cley de <a href=\"https:\/\/www.lavoz.com.ar\/categoria\/temas-libres-10119\">muerte digna<\/a>\u201d, que es una modificaci\u00f3n a la ley 26.529 de derechos del paciente, y las disposiciones del <a href=\"https:\/\/www.lavoz.com.ar\/temas\/codigo-civil\">C\u00f3digo Civil<\/a> vigente desde 2015 en sus art\u00edculos 59 y 60, que se refieren al retiro de medidas de soporte vital\u201d, explic\u00f3 el abogado Ignacio Maglio, jefe del Departamento de Riesgo M\u00e9dico Legal del hospital Mu\u00f1iz, de Buenos Aires.<\/div>\n<div style=\"box-sizing: inherit; margin-bottom: 0px;\">La muerte digna permite que las personas puedan elegir no recibir tratamientos que prolonguen su vida de manera artificial; y en caso de no estar conscientes para decidir, su familia podr\u00e1 respetar su voluntad. La eutanasia, en cambio, es poner fin a la vida de modo intencional: un paciente hace una petici\u00f3n libre e informada a un tercero calificado, el m\u00e9dico.<\/p>\n<p><b>Debate internacional<\/b><br \/>Vincent Lambert, franc\u00e9s de 43 a\u00f1os, muri\u00f3 el pasado 11 de julio tras haber permanecido una d\u00e9cada en estado vegetativo. El hombre hab\u00eda quedado tetrapl\u00e9jico en un accidente y se convirti\u00f3 en un s\u00edmbolo del debate en torno a la muerte digna, que manten\u00eda enfrentada a su propia familia, aunque finalmente se le retir\u00f3 el soporte vital a pedido de su esposa y contra la voluntad de sus padres.<\/div>\n<div style=\"box-sizing: inherit; margin-bottom: 0px;\">Carlos Cafferata, jefe de Secci\u00f3n de Cuidados Paliativos del hospital Italiano de Buenos Aires, quien trabaja con pacientes oncol\u00f3gicos, con enfermedades neurodegenerativas y con otras afecciones mortales, consider\u00f3 que \u201cno est\u00e1 mal mantener la hidrataci\u00f3n y la alimentaci\u00f3n en una persona en estado vegetativo\u201d, en referencia al caso del franc\u00e9s Vincent Lambert.<br \/>\u201cUna patolog\u00eda terminal es aquella que progresa y lleva a la muerte, mientras que el estado vegetativo no avanza\u201d, explic\u00f3 .<br \/>\u201cUn estado vegetativo es a veces irreversible, pero no progresivo. El de Lambert es un caso pol\u00e9mico que depende de qui\u00e9n interpreta la ley\u201d, argument\u00f3 el m\u00e9dico.<\/div>\n<div style=\"box-sizing: inherit; margin-bottom: 0px;\">Para el abogado Ignacio Maglio, jefe del Departamento de Riesgo M\u00e9dico Legal del hospital Mu\u00f1iz, \u201cno hay ning\u00fan caso documentado en el mundo de que una persona se haya recuperado de un estado vegetativo persistente\u201d.<br \/>Maglio detall\u00f3 que la eutanasia, es decir, la muerte \u201cprovocada en forma directa a pedido de un paciente por medio de la administraci\u00f3n de un t\u00f3xico o un veneno en dosis mortal\u201d, s\u00f3lo est\u00e1 regulada en B\u00e9lgica, en Suecia, en Holanda y en Colombia. \u201cEn la Argentina actual, eutanasia equivale a homicidio, pero en alg\u00fan momento tendremos que discutir la interrupci\u00f3n voluntaria de la vida, as\u00ed como se est\u00e1 discutiendo la interrupci\u00f3n del embarazo\u201d, opin\u00f3.<\/p>\n<p><b>Antecedentes<\/b><br \/>El caso de Lambert es similar al del neuquino Marcelo Diez, quien estuvo 20 a\u00f1os en estado vegetativo tras un accidente automovil\u00edstico y muri\u00f3 en 2015.<br \/>El caso lleg\u00f3 a la Corte Suprema de Justicia, que reconoci\u00f3 el derecho del paciente a \u201cdecidir sobre su propia muerte digna\u201d y acept\u00f3 la declaraci\u00f3n de las hermanas, quienes afirmaron que antes del accidente el hombre hab\u00eda manifestado que si en alg\u00fan momento atravesaba una situaci\u00f3n similar \u201cno deseaba que se lo mantuviera con vida artificialmente\u201d.<\/div>\n<div style=\"box-sizing: inherit; margin-bottom: 0px;\">En C\u00f3rdoba, Alfonso Oliva (36) muri\u00f3 el pasado 4 de marzo tras padecer esclerosis lateral amiotr\u00f3fica (ELA). El \u00faltimo a\u00f1o de su vida, pidi\u00f3 abrir el debate sobre la eutanasia. Su solicitud hizo que legisladores cordobeses comenzaran a trabajar en un proyecto.<br \/><b><br \/><\/b><\/div>\n<div style=\"box-sizing: inherit; margin-bottom: 0px;\"><b>Estado vegetativo<\/b><br \/>Consultado sobre las posibilidades de revertir un estado vegetativo, el neur\u00f3logo Alejandro Andersson precis\u00f3 que \u201cal mes hay una chance del 18 por ciento; a los seis meses, del tres por ciento; y de ah\u00ed en adelante, las posibilidades son infinitamente menores\u201d.<br \/>\u201cAl estado vegetativo lo llamamos \u201cvigilia sin conciencia\u201d, porque se trata de pacientes que tienen un ciclo de sue\u00f1o y otro de vigilia, abren los ojos, pero no tienen ning\u00fan contenido de conciencia explorable\u201d, explic\u00f3. \u201cEn Argentina, lo \u00fanico irreversible en un 100 por ciento es la muerte cerebral. El resto de los cuadros probablemente lo sean, pero como m\u00e9dicos estamos obligados a mantener al paciente vivo\u201d, afirm\u00f3.<\/div>\n<div style=\"box-sizing: inherit; margin-bottom: 0px;\">Para el C\u00f3digo Civil \u201ctoda persona capaz mayor de edad puede disponer directivas anticipadas sobre su salud\u201d, una medida que Maglio consider\u00f3 fundamental. \u201cSer\u00eda importante que todos lo dej\u00e1ramos por escrito\u201d, complet\u00f3<span style=\"color: #4a4a4a; font-family: &quot;merriweather&quot; , serif;\"><b><span style=\"background-color: white; font-size: calc(19px + (-1 * ((100vw - 320px) \/ 1024)));\">.<\/span><\/b><\/span><\/p>\n<div><span style=\"color: #4a4a4a; font-family: &quot;merriweather&quot; , serif;\"><span style=\"font-size: 18.6289px;\"><b><br \/><\/b><\/span><\/span><\/div>\n<div style=\"text-align: center;\"><span style=\"color: #4a4a4a; font-family: &quot;merriweather&quot; , serif;\"><b><a href=\"https:\/\/www.lavoz.com.ar\/ciudadanos\/muerte-digna-para-especialistas-ley-argentina-es-ambigua-e-incompleta\" target=\"_blank\" rel=\"noopener\"><span style=\"font-size: large;\">Fuente de la Informaci\u00f3n: La Voz del Interior<\/span><\/a><\/b><\/span><\/div>\n<\/div>\n","protected":false},"excerpt":{"rendered":"<p>La historia del franc\u00e9s Vincent Lambert reabri\u00f3 el debate sobre la legislaci\u00f3n local. &nbsp;En Argentina y en C\u00f3rdoba, hubo varios pedidos de enfermos terminales en los \u00faltimos a\u00f1os.La ley argentina establece que cuando un paciente sufre una enfermedad \u201cirreversible, incurable o terminal\u201d, puede negarse a que lo mantengan con vida, aunque \u201csu redacci\u00f3n es ambigua\u201d, [&hellip;]<\/p>\n","protected":false},"author":2,"featured_media":0,"comment_status":"open","ping_status":"open","sticky":false,"template":"","format":"standard","meta":{"footnotes":""},"categories":[52,123,108,85,164],"tags":[],"class_list":["post-246","post","type-post","status-publish","format-standard","hentry","category-eutanasia","category-final-de-la-vida","category-ignacio-maglio","category-la-voz-del-interior","category-muerte-digna"],"_links":{"self":[{"href":"https:\/\/bioetica.ar\/index.php\/wp-json\/wp\/v2\/posts\/246","targetHints":{"allow":["GET"]}}],"collection":[{"href":"https:\/\/bioetica.ar\/index.php\/wp-json\/wp\/v2\/posts"}],"about":[{"href":"https:\/\/bioetica.ar\/index.php\/wp-json\/wp\/v2\/types\/post"}],"author":[{"embeddable":true,"href":"https:\/\/bioetica.ar\/index.php\/wp-json\/wp\/v2\/users\/2"}],"replies":[{"embeddable":true,"href":"https:\/\/bioetica.ar\/index.php\/wp-json\/wp\/v2\/comments?post=246"}],"version-history":[{"count":0,"href":"https:\/\/bioetica.ar\/index.php\/wp-json\/wp\/v2\/posts\/246\/revisions"}],"wp:attachment":[{"href":"https:\/\/bioetica.ar\/index.php\/wp-json\/wp\/v2\/media?parent=246"}],"wp:term":[{"taxonomy":"category","embeddable":true,"href":"https:\/\/bioetica.ar\/index.php\/wp-json\/wp\/v2\/categories?post=246"},{"taxonomy":"post_tag","embeddable":true,"href":"https:\/\/bioetica.ar\/index.php\/wp-json\/wp\/v2\/tags?post=246"}],"curies":[{"name":"wp","href":"https:\/\/api.w.org\/{rel}","templated":true}]}}