{"id":331,"date":"2018-09-01T20:13:00","date_gmt":"2018-09-01T20:13:00","guid":{"rendered":"https:\/\/bioetica.ar\/index.php\/2018\/09\/01\/charla-con-los-6tos-anos-del-instituto-sarmiento-b-san-vivente-sobre-maternidad-subrogada\/"},"modified":"2018-09-01T20:13:00","modified_gmt":"2018-09-01T20:13:00","slug":"charla-con-los-6tos-anos-del-instituto-sarmiento-b-san-vivente-sobre-maternidad-subrogada","status":"publish","type":"post","link":"https:\/\/bioetica.ar\/index.php\/2018\/09\/01\/charla-con-los-6tos-anos-del-instituto-sarmiento-b-san-vivente-sobre-maternidad-subrogada\/","title":{"rendered":"Charla con los 6tos a\u00f1os del Instituto Sarmiento ( B\u00b0 San Vivente) sobre  Maternidad Subrogada"},"content":{"rendered":"<p><span style=\"color: #ffd966; font-size: large;\">El Lunes 27 de Agosto, el \u00c1rea de Bio\u00e9tica, tuvo la charla con los 6tos. a\u00f1os del colegio secundario Instituto Sarmiento del Barrio San Vicente de C\u00f3rdoba.<\/span><br \/><span style=\"color: #ffd966; font-size: large;\"><br \/><\/span><span style=\"color: #ffd966; font-size: large;\">El tema que se fue convocado, era <i>&#8220;Maternidad Subrogada<\/i>&#8220;, pero los j\u00f3venes estudiantes preguntaron sobre distintas cuestiones de bio\u00e9tica, gener\u00e1ndose&nbsp;un encuentro de mucha participaci\u00f3n e inter\u00e9s&nbsp;de parte de todos.<\/span><br \/><span style=\"color: #ffd966; font-size: large;\"><br \/><\/span><span style=\"color: #ffd966; font-size: large;\">Se vivi\u00f3 una ma\u00f1ana muy positiva y quedaron muchas inquietudes para seguir profundizando.<\/span><br \/><span style=\"color: #ffd966; font-size: large;\"><br \/><\/span><\/p>\n<div style=\"clear: both; text-align: center;\"><a href=\"https:\/\/3.bp.blogspot.com\/-uNsF0AAeuZk\/W4ry1SZoP4I\/AAAAAAAABYo\/CpvupWn4jsM3iN0LIHpB5FYvG5rnEn5ygCLcBGAs\/s1600\/IMG-20180829-WA0016.jpg\" style=\"margin-left: 1em; margin-right: 1em;\"><img loading=\"lazy\" decoding=\"async\" border=\"0\" data-original-height=\"328\" data-original-width=\"1056\" height=\"196\" src=\"https:\/\/3.bp.blogspot.com\/-uNsF0AAeuZk\/W4ry1SZoP4I\/AAAAAAAABYo\/CpvupWn4jsM3iN0LIHpB5FYvG5rnEn5ygCLcBGAs\/s640\/IMG-20180829-WA0016.jpg\" width=\"640\" \/><\/a><\/div>\n<div style=\"clear: both; text-align: center;\"><a href=\"https:\/\/2.bp.blogspot.com\/-M5sS1qU2LQI\/W4ry1QpEaRI\/AAAAAAAABYs\/qAJcCR7QllQo-0dQ6CzfanLNgw2X9v7gQCLcBGAs\/s1600\/IMG-20180829-WA0009.jpg\" style=\"clear: right; float: right; margin-bottom: 1em; margin-left: 1em;\"><\/a><a href=\"https:\/\/4.bp.blogspot.com\/-svp2AQuUFTU\/W4ry1lyj4CI\/AAAAAAAABYw\/gw2GFyJGFwAwcBp05YyOBTSYjJ8iEFRnwCLcBGAs\/s1600\/IMG-20180829-WA0018.jpg\" style=\"clear: left; float: left; margin-bottom: 1em; margin-right: 1em;\"><img loading=\"lazy\" decoding=\"async\" border=\"0\" data-original-height=\"581\" data-original-width=\"1032\" height=\"360\" src=\"https:\/\/4.bp.blogspot.com\/-svp2AQuUFTU\/W4ry1lyj4CI\/AAAAAAAABYw\/gw2GFyJGFwAwcBp05YyOBTSYjJ8iEFRnwCLcBGAs\/s640\/IMG-20180829-WA0018.jpg\" width=\"640\" \/><\/a><\/div>\n<p><\/p>\n<div style=\"clear: both; text-align: center;\"><a href=\"https:\/\/4.bp.blogspot.com\/-P3Rl0Urq1vY\/W4ry2MN8FiI\/AAAAAAAABY0\/M1J4vd-ZfdUynQqcP1UHHbWLCr7TZ1MHACLcBGAs\/s1600\/IMG-20180829-WA0019.jpg\" style=\"margin-left: 1em; margin-right: 1em;\"><img loading=\"lazy\" decoding=\"async\" border=\"0\" data-original-height=\"581\" data-original-width=\"1032\" height=\"360\" src=\"https:\/\/4.bp.blogspot.com\/-P3Rl0Urq1vY\/W4ry2MN8FiI\/AAAAAAAABY0\/M1J4vd-ZfdUynQqcP1UHHbWLCr7TZ1MHACLcBGAs\/s640\/IMG-20180829-WA0019.jpg\" width=\"640\" \/><\/a><a href=\"https:\/\/2.bp.blogspot.com\/-M5sS1qU2LQI\/W4ry1QpEaRI\/AAAAAAAABYs\/qAJcCR7QllQo-0dQ6CzfanLNgw2X9v7gQCLcBGAs\/s1600\/IMG-20180829-WA0009.jpg\" style=\"margin-left: 1em; margin-right: 1em;\"><img loading=\"lazy\" decoding=\"async\" border=\"0\" data-original-height=\"581\" data-original-width=\"1032\" height=\"360\" src=\"https:\/\/2.bp.blogspot.com\/-M5sS1qU2LQI\/W4ry1QpEaRI\/AAAAAAAABYs\/qAJcCR7QllQo-0dQ6CzfanLNgw2X9v7gQCLcBGAs\/s640\/IMG-20180829-WA0009.jpg\" width=\"640\" \/><\/a><\/div>\n<p><span style=\"color: #ffd966; font-size: large;\"><br \/><\/span><span style=\"color: #ffd966; font-size: large;\"><br \/><\/span><span style=\"color: #ffd966; font-size: large;\"><br \/><\/span><\/p>\n","protected":false},"excerpt":{"rendered":"<p>El Lunes 27 de Agosto, el \u00c1rea de Bio\u00e9tica, tuvo la charla con los 6tos. a\u00f1os del colegio secundario Instituto Sarmiento del Barrio San Vicente de C\u00f3rdoba.El tema que se fue convocado, era &#8220;Maternidad Subrogada&#8220;, pero los j\u00f3venes estudiantes preguntaron sobre distintas cuestiones de bio\u00e9tica, gener\u00e1ndose&nbsp;un encuentro de mucha participaci\u00f3n e inter\u00e9s&nbsp;de parte de todos.Se [&hellip;]<\/p>\n","protected":false},"author":2,"featured_media":0,"comment_status":"open","ping_status":"open","sticky":false,"template":"","format":"standard","meta":{"footnotes":""},"categories":[9,78,201],"tags":[],"class_list":["post-331","post","type-post","status-publish","format-standard","hentry","category-area-de-bioetica","category-charla","category-colegio-secundario"],"_links":{"self":[{"href":"https:\/\/bioetica.ar\/index.php\/wp-json\/wp\/v2\/posts\/331","targetHints":{"allow":["GET"]}}],"collection":[{"href":"https:\/\/bioetica.ar\/index.php\/wp-json\/wp\/v2\/posts"}],"about":[{"href":"https:\/\/bioetica.ar\/index.php\/wp-json\/wp\/v2\/types\/post"}],"author":[{"embeddable":true,"href":"https:\/\/bioetica.ar\/index.php\/wp-json\/wp\/v2\/users\/2"}],"replies":[{"embeddable":true,"href":"https:\/\/bioetica.ar\/index.php\/wp-json\/wp\/v2\/comments?post=331"}],"version-history":[{"count":0,"href":"https:\/\/bioetica.ar\/index.php\/wp-json\/wp\/v2\/posts\/331\/revisions"}],"wp:attachment":[{"href":"https:\/\/bioetica.ar\/index.php\/wp-json\/wp\/v2\/media?parent=331"}],"wp:term":[{"taxonomy":"category","embeddable":true,"href":"https:\/\/bioetica.ar\/index.php\/wp-json\/wp\/v2\/categories?post=331"},{"taxonomy":"post_tag","embeddable":true,"href":"https:\/\/bioetica.ar\/index.php\/wp-json\/wp\/v2\/tags?post=331"}],"curies":[{"name":"wp","href":"https:\/\/api.w.org\/{rel}","templated":true}]}}