{"id":347,"date":"2018-07-19T12:09:00","date_gmt":"2018-07-19T12:09:00","guid":{"rendered":"https:\/\/bioetica.ar\/index.php\/2018\/07\/19\/revista-redbioetica-unesco-convocatoria-a-autores-convocatoria-aos-autores-call-for-papers-para-el-numero-18-julio-diciembre-2018\/"},"modified":"2018-07-19T12:09:00","modified_gmt":"2018-07-19T12:09:00","slug":"revista-redbioetica-unesco-convocatoria-a-autores-convocatoria-aos-autores-call-for-papers-para-el-numero-18-julio-diciembre-2018","status":"publish","type":"post","link":"https:\/\/bioetica.ar\/index.php\/2018\/07\/19\/revista-redbioetica-unesco-convocatoria-a-autores-convocatoria-aos-autores-call-for-papers-para-el-numero-18-julio-diciembre-2018\/","title":{"rendered":"-REVISTA REDBIO\u00c9TICA\/UNESCO. Convocatoria a autores\/Convocat\u00f3ria aos autores\/Call for papers  para el N\u00famero 18 (julio \u2013diciembre 2018)"},"content":{"rendered":"<p><b>REVISTA REDBIO\u00c9TICA\/UNESCO<\/b><\/p>\n<div>\n<div>\n<div dir=\"ltr\">\n<div>\n<div dir=\"ltr\">\n<div>\n<div>\n<div>\n<div>\n<div dir=\"ltr\">\n<div>\n<div dir=\"ltr\">\n<div style=\"background-color: white; clear: both; text-align: center;\"><a href=\"https:\/\/2.bp.blogspot.com\/-1irbomiNhZ4\/W1B_b64ZG1I\/AAAAAAAABPI\/mFOwBpnYIcgIsr17TJe803hEZVVrlv_6ACLcBGAs\/s1600\/top_trans.png\" style=\"margin-left: 1em; margin-right: 1em;\"><img decoding=\"async\" border=\"0\" data-original-height=\"95\" data-original-width=\"310\" src=\"https:\/\/2.bp.blogspot.com\/-1irbomiNhZ4\/W1B_b64ZG1I\/AAAAAAAABPI\/mFOwBpnYIcgIsr17TJe803hEZVVrlv_6ACLcBGAs\/s1600\/top_trans.png\" \/><\/a><\/div>\n<div style=\"background-color: white; clear: both; text-align: center;\"><span style=\"font-size: x-large;\"><span style=\"background-color: transparent; color: #e69138;\">Convocatoria a Autores&nbsp;<\/span><\/span><\/div>\n<div style=\"background-color: white; clear: both; text-align: center;\"><span style=\"font-size: x-large;\"><span style=\"background-color: transparent; color: #e69138;\">para el N\u00famero 18 (julio \u2013diciembre 2018<\/span><\/span><\/div>\n<p><span style=\"color: #e69138; font-size: x-large;\"><\/span><\/p>\n<div style=\"text-align: center;\"><\/div>\n<p>La Revista Redbio\u00e9tica\/UNESCO es una publicaci\u00f3n bianual de la Red de Bio\u00e9tica Latinoamericana y del Caribe UNESCO cuyo objetivo es difundir y promociona los principios establecidos en la Declaraci\u00f3n Universal de Bio\u00e9tica y Derechos Humanos, tal como la misma Declaraci\u00f3n lo reclama.<\/p>\n<p>El crecimiento respetando los derechos humanos es un desaf\u00edo para Am\u00e9rica Latina y el Caribe y la Revista Redbio\u00e9tica\/UNESCO aspira a constituirse en un espacio de activo debate en el \u00e1mbito de la bio\u00e9tica donde se escuchen todas las voces comprometidas con una Am\u00e9rica Latina m\u00e1s justa y solidaria. Su caracter\u00edstica es ser multidisciplinaria, ya que toda reflexi\u00f3n que afecte a la vida del hombre tiene cabida a la hora de pensar en la defensa y promoci\u00f3n de la dignidad humana.<\/p>\n<p>La revista acepta  para su publicaci\u00f3n trabajos originales en castellano, portugu\u00e9s o ingl\u00e9s, de investigaci\u00f3n te\u00f3rica o en campo, as\u00ed como revisiones y puestas al d\u00eda, comentarios de libros y trabajos, discusiones a trabajos publicados, entrevistas y cartas al editor. Propone una mirada amplia del campo de la bio\u00e9tica, incluyendo las \u00e1reas de la salud (tanto la individual como la p\u00fablica\/global), los conflictos y dilemas planteados por los desarrollos biotecnol\u00f3gicos y su introducci\u00f3n en nuestra regi\u00f3n, los avances de la gen\u00e9tica y sus derivaciones, los problemas del medio ambiente y el desarrollo econ\u00f3mico y social en el contexto de la globalizaci\u00f3n, as\u00ed como el conflicto cultural entre los planteos reduccionistas y economicistas y otras miradas integrales hist\u00f3ricamente vigentes en el \u00e1rea, tales como las de los pueblos originarios.<\/p>\n<p><\/p>\n<div style=\"text-align: center;\"><b><span style=\"color: #b45f06;\">Fecha de cierre para el n\u00famero de julio -diciembre 2018: 30\/11\/2018<\/span><\/b><\/div>\n<p>Instrucciones a los Autores: <a href=\"http:\/\/redbioetica.com.ar\/revista-redbioetica-unesco-no-14\/\">http:\/\/redbioetica.com.ar\/revista-redbioetica-unesco-no-14\/<\/a><\/p>\n<p>Los trabajos deben ser enviados a   info@redbioetica.com.ar \/ revistaredbioetica@unesco.org.uy \/ maria3729@hotmail.com<\/p><\/div>\n<\/div>\n<\/div>\n<\/div>\n<\/div>\n<\/div>\n<\/div>\n<\/div>\n<\/div>\n<\/div>\n<\/div>\n<\/div>\n","protected":false},"excerpt":{"rendered":"<p>REVISTA REDBIO\u00c9TICA\/UNESCO Convocatoria a Autores&nbsp; para el N\u00famero 18 (julio \u2013diciembre 2018 La Revista Redbio\u00e9tica\/UNESCO es una publicaci\u00f3n bianual de la Red de Bio\u00e9tica Latinoamericana y del Caribe UNESCO cuyo objetivo es difundir y promociona los principios establecidos en la Declaraci\u00f3n Universal de Bio\u00e9tica y Derechos Humanos, tal como la misma Declaraci\u00f3n lo reclama. El [&hellip;]<\/p>\n","protected":false},"author":2,"featured_media":0,"comment_status":"open","ping_status":"open","sticky":false,"template":"","format":"standard","meta":{"footnotes":""},"categories":[81,90,96],"tags":[],"class_list":["post-347","post","type-post","status-publish","format-standard","hentry","category-redbioetica","category-revista","category-unesco"],"_links":{"self":[{"href":"https:\/\/bioetica.ar\/index.php\/wp-json\/wp\/v2\/posts\/347","targetHints":{"allow":["GET"]}}],"collection":[{"href":"https:\/\/bioetica.ar\/index.php\/wp-json\/wp\/v2\/posts"}],"about":[{"href":"https:\/\/bioetica.ar\/index.php\/wp-json\/wp\/v2\/types\/post"}],"author":[{"embeddable":true,"href":"https:\/\/bioetica.ar\/index.php\/wp-json\/wp\/v2\/users\/2"}],"replies":[{"embeddable":true,"href":"https:\/\/bioetica.ar\/index.php\/wp-json\/wp\/v2\/comments?post=347"}],"version-history":[{"count":0,"href":"https:\/\/bioetica.ar\/index.php\/wp-json\/wp\/v2\/posts\/347\/revisions"}],"wp:attachment":[{"href":"https:\/\/bioetica.ar\/index.php\/wp-json\/wp\/v2\/media?parent=347"}],"wp:term":[{"taxonomy":"category","embeddable":true,"href":"https:\/\/bioetica.ar\/index.php\/wp-json\/wp\/v2\/categories?post=347"},{"taxonomy":"post_tag","embeddable":true,"href":"https:\/\/bioetica.ar\/index.php\/wp-json\/wp\/v2\/tags?post=347"}],"curies":[{"name":"wp","href":"https:\/\/api.w.org\/{rel}","templated":true}]}}