{"id":360,"date":"2018-06-16T13:54:00","date_gmt":"2018-06-16T13:54:00","guid":{"rendered":"https:\/\/bioetica.ar\/index.php\/2018\/06\/16\/reunion-de-red-de-junio-a-100-anos-de-la-reforma-universitaria-nos-acompano-el-dr-carlos-pressman\/"},"modified":"2018-06-16T13:54:00","modified_gmt":"2018-06-16T13:54:00","slug":"reunion-de-red-de-junio-a-100-anos-de-la-reforma-universitaria-nos-acompano-el-dr-carlos-pressman","status":"publish","type":"post","link":"https:\/\/bioetica.ar\/index.php\/2018\/06\/16\/reunion-de-red-de-junio-a-100-anos-de-la-reforma-universitaria-nos-acompano-el-dr-carlos-pressman\/","title":{"rendered":"Reuni\u00f3n de Red de Junio. A 100 a\u00f1os de la Reforma Universitaria. Nos acompa\u00f1o el Dr Carlos Pressman"},"content":{"rendered":"<div style=\"text-indent: 35.4pt;\"><span style=\"font-size: large;\">El jueves 15 de Agosto, a 100 a\u00f1os de la reforma universitaria, nos acompa\u00f1\u00f3 en nuestra capacitaci\u00f3n el <b>Dr. Carlos Pressman<\/b>,&nbsp; que disert\u00f3 sobre el tema: <i>\u201c Aportes de la Universidad Nacional de C\u00f3rdoba a la salud p\u00fablica, a 100 a\u00f1os de la reforma\u201d.<o:p><\/o:p><\/i><\/span><\/div>\n<div><span style=\"font-size: large;\">&nbsp;&nbsp;&nbsp;&nbsp;&nbsp;&nbsp;&nbsp;&nbsp;&nbsp;&nbsp;&nbsp;&nbsp;&nbsp;&nbsp;&nbsp; Desde el \u00c1rea de Bio\u00e9tica, quisimos sumarnos a este importante aniversario, reflexionando, que el Proyecto Refornista del \u00b418, todav\u00eda queda mucho que hacer, y por eso mismo, nos invita como participante de la red de bio\u00e9tica a un mayor compromiso.<o:p><\/o:p><\/span><\/div>\n<div dir=\"ltr\">   <\/div>\n<div><span style=\"font-size: large;\">&nbsp;&nbsp;&nbsp;&nbsp;&nbsp;&nbsp;&nbsp;&nbsp;&nbsp;&nbsp;&nbsp;&nbsp;&nbsp;&nbsp;&nbsp; Saludamos agradecidos, a la Universidad Nacional de C\u00f3rdoba, en estos 100 a\u00f1os de la Reforma Universitaria, qu\u00e9 permanentemente colabora con nuestra Red de Comit\u00e9 Hospitalarios de Bio\u00e9tica, desde prestarnos el lugar para realizar nuestras reuniones (en Secretarias de Graduados de Ciencias de la Salud), &nbsp;hasta las continuas actividades en bio\u00e9tica que se realizan en tan querida y prestigiosa casa de estudio.<\/span><o:p><\/o:p><\/div>\n<div dir=\"ltr\"><\/div>\n<div dir=\"ltr\"><\/div>\n<div style=\"clear: both; text-align: center;\"><a href=\"https:\/\/lh3.googleusercontent.com\/-R0l4TNlFbKs\/WyUWq__GFxI\/AAAAAAAABHI\/gwaRiyuSc0sDuVJ6zN_ZZsjCCHfSdAv2ACHMYCw\/s1600\/DSC_0673.JPG\" style=\"margin-left: 1em; margin-right: 1em;\"> <img decoding=\"async\" border=\"0\" src=\"https:\/\/lh3.googleusercontent.com\/-R0l4TNlFbKs\/WyUWq__GFxI\/AAAAAAAABHI\/gwaRiyuSc0sDuVJ6zN_ZZsjCCHfSdAv2ACHMYCw\/s640\/DSC_0673.JPG\" \/> <\/a> <\/div>\n","protected":false},"excerpt":{"rendered":"<p>El jueves 15 de Agosto, a 100 a\u00f1os de la reforma universitaria, nos acompa\u00f1\u00f3 en nuestra capacitaci\u00f3n el Dr. Carlos Pressman,&nbsp; que disert\u00f3 sobre el tema: \u201c Aportes de la Universidad Nacional de C\u00f3rdoba a la salud p\u00fablica, a 100 a\u00f1os de la reforma\u201d. &nbsp;&nbsp;&nbsp;&nbsp;&nbsp;&nbsp;&nbsp;&nbsp;&nbsp;&nbsp;&nbsp;&nbsp;&nbsp;&nbsp;&nbsp; Desde el \u00c1rea de Bio\u00e9tica, quisimos sumarnos a este importante [&hellip;]<\/p>\n","protected":false},"author":2,"featured_media":0,"comment_status":"open","ping_status":"open","sticky":false,"template":"","format":"standard","meta":{"footnotes":""},"categories":[3],"tags":[],"class_list":["post-360","post","type-post","status-publish","format-standard","hentry","category-red-de-comite-de-bioetica"],"_links":{"self":[{"href":"https:\/\/bioetica.ar\/index.php\/wp-json\/wp\/v2\/posts\/360","targetHints":{"allow":["GET"]}}],"collection":[{"href":"https:\/\/bioetica.ar\/index.php\/wp-json\/wp\/v2\/posts"}],"about":[{"href":"https:\/\/bioetica.ar\/index.php\/wp-json\/wp\/v2\/types\/post"}],"author":[{"embeddable":true,"href":"https:\/\/bioetica.ar\/index.php\/wp-json\/wp\/v2\/users\/2"}],"replies":[{"embeddable":true,"href":"https:\/\/bioetica.ar\/index.php\/wp-json\/wp\/v2\/comments?post=360"}],"version-history":[{"count":0,"href":"https:\/\/bioetica.ar\/index.php\/wp-json\/wp\/v2\/posts\/360\/revisions"}],"wp:attachment":[{"href":"https:\/\/bioetica.ar\/index.php\/wp-json\/wp\/v2\/media?parent=360"}],"wp:term":[{"taxonomy":"category","embeddable":true,"href":"https:\/\/bioetica.ar\/index.php\/wp-json\/wp\/v2\/categories?post=360"},{"taxonomy":"post_tag","embeddable":true,"href":"https:\/\/bioetica.ar\/index.php\/wp-json\/wp\/v2\/tags?post=360"}],"curies":[{"name":"wp","href":"https:\/\/api.w.org\/{rel}","templated":true}]}}