{"id":386,"date":"2018-04-28T14:29:00","date_gmt":"2018-04-28T14:29:00","guid":{"rendered":"https:\/\/bioetica.ar\/index.php\/2018\/04\/28\/"},"modified":"2018-04-28T14:29:00","modified_gmt":"2018-04-28T14:29:00","slug":"386","status":"publish","type":"post","link":"https:\/\/bioetica.ar\/index.php\/2018\/04\/28\/386\/","title":{"rendered":""},"content":{"rendered":"<p><\/p>\n<div style=\"clear: both; text-align: center;\"><a href=\"https:\/\/4.bp.blogspot.com\/-sJa_cvsV4xo\/WuSE7dlENLI\/AAAAAAAAA3Y\/FBjACjBvc_gmhmld4GENB8Ywv7Rie3K0wCLcBGAs\/s1600\/vacunas.JPG\" style=\"margin-left: 1em; margin-right: 1em;\"><img loading=\"lazy\" decoding=\"async\" border=\"0\" data-original-height=\"696\" data-original-width=\"1254\" height=\"354\" src=\"https:\/\/4.bp.blogspot.com\/-sJa_cvsV4xo\/WuSE7dlENLI\/AAAAAAAAA3Y\/FBjACjBvc_gmhmld4GENB8Ywv7Rie3K0wCLcBGAs\/s640\/vacunas.JPG\" width=\"640\" \/><\/a><\/div>\n<p><span style=\"color: #bf9000; font-size: large;\">Una jueza de la localidad rionegrina de El Bols\u00f3n intervino en el caso del nene de tres meses enfermo de meningitis y orden\u00f3 a los padres que cumplan con el carnet obligatorio de vacunas, ya que por decisi\u00f3n propia los progenitores nunca hab\u00edan sometido al nene a las dosis que establece el Ministerio de Salud.<\/p>\n<p>Seg\u00fan publica <a href=\"https:\/\/www.rionegro.com.ar\/bariloche\/el-bolson-los-padres-del-nino-con-meningitis-deberan-vacunarlo-BA4893366\">El Diario de R\u00edo Negro<\/a>, la medida fue dictada por la jueza Erika Fontela quien adem\u00e1s orden\u00f3 a los padres seguir al pie de la letra las indicaciones m\u00e9dicas para tratar la meningitis que contrajo el peque\u00f1o.<\/p>\n<p>En la cautelar, la jueza ordena a los padres informar telef\u00f3nicamente todos los d\u00edas sobre el estado del nene y adem\u00e1s concurrir cada 72 horas al servicio de pediatr\u00eda para los controles ambulatorios.<\/p>\n<p>Tambi\u00e9n les orden\u00f3 concurrir a un nutricionista, inscribir al nene en una obra social y garantizar las condiciones de \u201chabitabilidad\u201d de la casa donde residen.<\/p>\n<p>Sin vacunar<\/p>\n<p>El caso se conoci\u00f3 luego de que los padres fueran denunciados porque el beb\u00e9 no hab\u00eda recibido la dosis contra el neumococo, como establece el calendario nacional de vacunaci\u00f3n.<\/p>\n<p>El beb\u00e9, que naci\u00f3 en un parto domiciliario en el paraje Maill\u00edn Ahogado, a unos 15 kil\u00f3metros de El Bols\u00f3n, permanec\u00eda internado dese hac\u00eda una semana y el director del hospital, Oscar Panomarenko, dijo a medios rionegrinos que seg\u00fan diagn\u00f3sticos m\u00e9dicos presentaba &#8220;un cuadro de meningitis&#8221; que podr\u00eda derivar en &#8220;consecuencias neurol\u00f3gicas de por vida\u201d.<\/p>\n<p>Adem\u00e1s, &#8220;la falta de vacunaci\u00f3n se contrapone con las pol\u00edticas de salud del pa\u00eds y pr\u00e1cticamente del mundo, donde la prevenci\u00f3n es el principal factor para disminuir la mortalidad infantil\u201d, apunt\u00f3 el funcionario.<\/span><\/p>\n<div><\/div>\n<div style=\"text-align: center;\"><a href=\"http:\/\/www.lavoz.com.ar\/ciudadanos\/una-jueza-ordeno-padres-que-vacunen-su-bebe-enfermo-de-meningitis\" target=\"_blank\" rel=\"noopener\"><span style=\"font-size: large;\">Fuente de la Informaci\u00f3n<\/span><\/a><\/div>\n","protected":false},"excerpt":{"rendered":"<p>Una jueza de la localidad rionegrina de El Bols\u00f3n intervino en el caso del nene de tres meses enfermo de meningitis y orden\u00f3 a los padres que cumplan con el carnet obligatorio de vacunas, ya que por decisi\u00f3n propia los progenitores nunca hab\u00edan sometido al nene a las dosis que establece el Ministerio de Salud. [&hellip;]<\/p>\n","protected":false},"author":2,"featured_media":0,"comment_status":"open","ping_status":"open","sticky":false,"template":"","format":"standard","meta":{"footnotes":""},"categories":[208,138],"tags":[],"class_list":["post-386","post","type-post","status-publish","format-standard","hentry","category-inicio-de-la-vida","category-noticias"],"_links":{"self":[{"href":"https:\/\/bioetica.ar\/index.php\/wp-json\/wp\/v2\/posts\/386","targetHints":{"allow":["GET"]}}],"collection":[{"href":"https:\/\/bioetica.ar\/index.php\/wp-json\/wp\/v2\/posts"}],"about":[{"href":"https:\/\/bioetica.ar\/index.php\/wp-json\/wp\/v2\/types\/post"}],"author":[{"embeddable":true,"href":"https:\/\/bioetica.ar\/index.php\/wp-json\/wp\/v2\/users\/2"}],"replies":[{"embeddable":true,"href":"https:\/\/bioetica.ar\/index.php\/wp-json\/wp\/v2\/comments?post=386"}],"version-history":[{"count":0,"href":"https:\/\/bioetica.ar\/index.php\/wp-json\/wp\/v2\/posts\/386\/revisions"}],"wp:attachment":[{"href":"https:\/\/bioetica.ar\/index.php\/wp-json\/wp\/v2\/media?parent=386"}],"wp:term":[{"taxonomy":"category","embeddable":true,"href":"https:\/\/bioetica.ar\/index.php\/wp-json\/wp\/v2\/categories?post=386"},{"taxonomy":"post_tag","embeddable":true,"href":"https:\/\/bioetica.ar\/index.php\/wp-json\/wp\/v2\/tags?post=386"}],"curies":[{"name":"wp","href":"https:\/\/api.w.org\/{rel}","templated":true}]}}