{"id":390,"date":"2018-04-20T11:42:00","date_gmt":"2018-04-20T11:42:00","guid":{"rendered":"https:\/\/bioetica.ar\/index.php\/2018\/04\/20\/reunion-de-abril-de-comite-hospitalarios-de-bioetica\/"},"modified":"2018-04-20T11:42:00","modified_gmt":"2018-04-20T11:42:00","slug":"reunion-de-abril-de-comite-hospitalarios-de-bioetica","status":"publish","type":"post","link":"https:\/\/bioetica.ar\/index.php\/2018\/04\/20\/reunion-de-abril-de-comite-hospitalarios-de-bioetica\/","title":{"rendered":"Reuni\u00f3n de Abril de Comit\u00e9  Hospitalarios de Bio\u00e9tica"},"content":{"rendered":"<div style=\"clear: both; text-align: center;\"><a href=\"https:\/\/2.bp.blogspot.com\/-0dylK5_ZYow\/Ws30beLN4kI\/AAAAAAAAAzc\/ybtX_iXl7jw9gVGyWbWJ688UwdpGancTgCLcBGAs\/s1600\/Diapositiva1.JPG\" style=\"margin-left: 1em; margin-right: 1em;\"><img loading=\"lazy\" decoding=\"async\" border=\"0\" data-original-height=\"720\" data-original-width=\"960\" height=\"480\" src=\"https:\/\/2.bp.blogspot.com\/-0dylK5_ZYow\/Ws30beLN4kI\/AAAAAAAAAzc\/ybtX_iXl7jw9gVGyWbWJ688UwdpGancTgCLcBGAs\/s640\/Diapositiva1.JPG\" width=\"640\" \/><\/a><\/div>\n<p><\/p>\n<div style=\"text-align: justify;\"><span style=\"font-family: Helvetica Neue, Arial, Helvetica, sans-serif; font-size: large;\">El viernes&nbsp; 20 de abril , se realiz\u00f3 la segunda reuni\u00f3n del <b>Seminario de Actualizaci\u00f3n de Bio\u00e9tica Cl\u00ednica<\/b> en la secretaria de graduados de la facultad de Ciencias de la Salud de la UNC. Organizado por el \u00c1rea de Bio\u00e9tica.<o:p><\/o:p><\/span><\/div>\n<div style=\"text-align: justify;\"><span style=\"font-family: Helvetica Neue, Arial, Helvetica, sans-serif; font-size: large;\"><br \/><\/span><\/div>\n<div style=\"text-align: justify;\"><span style=\"font-family: Helvetica Neue, Arial, Helvetica, sans-serif; font-size: large;\">En un primer momento, se cont\u00f3 con la exposici\u00f3n del Dr. Jos\u00e9 Torres Capobianco, que abord\u00f3 la tem\u00e1tica de la <i>&#8220;agenda bio\u00e9tica actual<\/i>&#8220;, mostrando las caracter\u00edsticas de la bio\u00e9tica latinoamericana y argentina y como se tiene un desaf\u00edo social en los temas de bio\u00e9tica.<o:p><\/o:p><\/span><\/div>\n<div style=\"text-align: justify;\"><\/div>\n<div style=\"text-align: justify;\"><span style=\"font-family: Helvetica Neue, Arial, Helvetica, sans-serif; font-size: large;\">Despu\u00e9s de un&nbsp; momento&nbsp; de break,&nbsp; se dio lugar a dos exposiciones complementarias referidas sobre el tema de cobertura universal de salud. siguiendo el&nbsp; eje del seminario sobre&nbsp;<i>&#8220;Bio\u00e9tica y Salud P\u00fablica&#8221;.<\/i><o:p><\/o:p><\/span><\/div>\n<div style=\"text-align: justify;\"><span style=\"font-family: Helvetica Neue, Arial, Helvetica, sans-serif; font-size: large;\"><br \/><\/span><\/div>\n<div style=\"text-align: justify;\"><span style=\"font-family: Helvetica Neue, Arial, Helvetica, sans-serif; font-size: large;\">En primer lugar, el Dr. Atienza, especialista en salud p\u00fablica, plante\u00f3 el derecho de salud universal que se tiene y como en la coyuntura actual, se encuentra limitado y restringido.<o:p><\/o:p><\/span><\/div>\n<div style=\"text-align: justify;\"><span style=\"font-family: Helvetica Neue, Arial, Helvetica, sans-serif; font-size: large;\">Seguidamente el Lic. Rodr\u00edguez&nbsp; Brizuela del \u201c<i>Plan &nbsp;Sumar<\/i>\u201d, explic\u00f3 la caracter\u00edstica del plan y cual son sus objetivos y lineamientos principales.<o:p><\/o:p><\/span><\/div>\n<div style=\"text-align: justify;\"><span style=\"font-family: Helvetica Neue, Arial, Helvetica, sans-serif; font-size: large;\"><br \/><\/span><\/div>\n<div style=\"text-align: justify;\"><span style=\"font-family: Helvetica Neue, Arial, Helvetica, sans-serif; font-size: large;\">Participaron unas 40 personas con fueron muy activas con comentarios y acotaciones a los temas tratados.<o:p><\/o:p><\/span><\/div>\n<div style=\"text-align: justify;\"><\/div>\n<div style=\"text-align: justify;\"><span style=\"font-family: Helvetica Neue, Arial, Helvetica, sans-serif; font-size: large;\">Las presentaciones de los expositores se encuentra en la p\u00e1gina oficial del \u00c1rea de Bio\u00e9tica.<o:p><\/o:p><\/span><\/div>\n<p><\/p>\n<div style=\"text-align: justify;\"><a href=\"https:\/\/www.cba.gov.ar\/area-de-bioetica\/seminario-taller-de-actualizacion-en-bioetica-clinica-2018\/segunda-reunion-abril-2018\/\"><span style=\"font-family: Helvetica Neue, Arial, Helvetica, sans-serif; font-size: large;\">https:\/\/www.cba.gov.ar\/area-de-bioetica\/seminario-taller-de-actualizacion-en-bioetica-clinica-2018\/segunda-reunion-abril-2018\/<\/span><\/a><o:p><\/o:p><\/div>\n<div><\/div>\n<div><\/div>\n<div><\/div>\n<p><u>V\u00cdDEO:&nbsp;&nbsp;SALUD PUBLICA Y BIO\u00c9TICA<\/u><br \/><span style=\"font-size: large;\"><i><br \/><\/i><\/span><span style=\"font-size: large;\"><i>&nbsp;&#8220;OTRAS MIRADAS<\/i><\/span>&#8220;.<\/p>\n<p><\/p>\n<div style=\"clear: both; text-align: center;\"><iframe loading=\"lazy\" allowfullscreen=\"\" data-thumbnail-src=\"https:\/\/i.ytimg.com\/vi\/Yk0iT7fz4mc\/0.jpg\" frameborder=\"0\" height=\"266\" src=\"https:\/\/www.youtube.com\/embed\/Yk0iT7fz4mc?feature=player_embedded\" width=\"320\"><\/iframe><\/div>\n<div style=\"text-align: center;\"><span style=\"font-size: large;\"><a href=\"https:\/\/www.cba.gov.ar\/area-de-bioetica\/seminario-taller-de-actualizacion-en-bioetica-clinica-2018\/segunda-reunion-abril-2018\/\" target=\"_blank\" rel=\"noopener\">Presentaciones de los expositores y fotos del encuentro<\/a><\/span><\/p>\n<\/div>\n<div style=\"text-align: center;\">  <object height=\"300\" width=\"400\"><param name=\"flashvars\" value=\"offsite=true&#038;lang=es-us&#038;page_show_url=%2Fphotos%2Fandrestole%2Fsets%2F72157668230308198%2Fshow%2F&#038;page_show_back_url=%2Fphotos%2Fandrestole%2Fsets%2F72157668230308198%2F&#038;set_id=72157668230308198&#038;jump_to=0\"><\/param><param name=\"movie\" value=\"https:\/\/www.flickr.com\/apps\/slideshow\/show.swf?v=261948265\"><\/param><param name=\"allowFullScreen\" value=\"true\"><\/param><embed type=\"application\/x-shockwave-flash\" src=\"https:\/\/www.flickr.com\/apps\/slideshow\/show.swf?v=261948265\" allowFullScreen=\"true\" flashvars=\"offsite=true&#038;lang=es-us&#038;page_show_url=%2Fphotos%2Fandrestole%2Fsets%2F72157668230308198%2Fshow%2F&#038;page_show_back_url=%2Fphotos%2Fandrestole%2Fsets%2F72157668230308198%2F&#038;set_id=72157668230308198&#038;jump_to=0\" width=\"400\" height=\"300\"><\/embed><\/object><\/div>\n","protected":false},"excerpt":{"rendered":"<p>El viernes&nbsp; 20 de abril , se realiz\u00f3 la segunda reuni\u00f3n del Seminario de Actualizaci\u00f3n de Bio\u00e9tica Cl\u00ednica en la secretaria de graduados de la facultad de Ciencias de la Salud de la UNC. Organizado por el \u00c1rea de Bio\u00e9tica. En un primer momento, se cont\u00f3 con la exposici\u00f3n del Dr. Jos\u00e9 Torres Capobianco, que [&hellip;]<\/p>\n","protected":false},"author":2,"featured_media":0,"comment_status":"open","ping_status":"open","sticky":false,"template":"","format":"standard","meta":{"footnotes":""},"categories":[9,3],"tags":[],"class_list":["post-390","post","type-post","status-publish","format-standard","hentry","category-area-de-bioetica","category-red-de-comite-de-bioetica"],"_links":{"self":[{"href":"https:\/\/bioetica.ar\/index.php\/wp-json\/wp\/v2\/posts\/390","targetHints":{"allow":["GET"]}}],"collection":[{"href":"https:\/\/bioetica.ar\/index.php\/wp-json\/wp\/v2\/posts"}],"about":[{"href":"https:\/\/bioetica.ar\/index.php\/wp-json\/wp\/v2\/types\/post"}],"author":[{"embeddable":true,"href":"https:\/\/bioetica.ar\/index.php\/wp-json\/wp\/v2\/users\/2"}],"replies":[{"embeddable":true,"href":"https:\/\/bioetica.ar\/index.php\/wp-json\/wp\/v2\/comments?post=390"}],"version-history":[{"count":0,"href":"https:\/\/bioetica.ar\/index.php\/wp-json\/wp\/v2\/posts\/390\/revisions"}],"wp:attachment":[{"href":"https:\/\/bioetica.ar\/index.php\/wp-json\/wp\/v2\/media?parent=390"}],"wp:term":[{"taxonomy":"category","embeddable":true,"href":"https:\/\/bioetica.ar\/index.php\/wp-json\/wp\/v2\/categories?post=390"},{"taxonomy":"post_tag","embeddable":true,"href":"https:\/\/bioetica.ar\/index.php\/wp-json\/wp\/v2\/tags?post=390"}],"curies":[{"name":"wp","href":"https:\/\/api.w.org\/{rel}","templated":true}]}}