{"id":391,"date":"2018-04-13T16:53:00","date_gmt":"2018-04-13T16:53:00","guid":{"rendered":"https:\/\/bioetica.ar\/index.php\/2018\/04\/13\/a-favor-de-la-vida-hospital-san-antonio-de-padua-rio-iv\/"},"modified":"2018-04-13T16:53:00","modified_gmt":"2018-04-13T16:53:00","slug":"a-favor-de-la-vida-hospital-san-antonio-de-padua-rio-iv","status":"publish","type":"post","link":"https:\/\/bioetica.ar\/index.php\/2018\/04\/13\/a-favor-de-la-vida-hospital-san-antonio-de-padua-rio-iv\/","title":{"rendered":"A Favor de la Vida. Hospital San Antonio de Padua  &#8211; R\u00edo IV"},"content":{"rendered":"<p><span style=\"font-size: large;\"><b>El comit\u00e9 de Bio\u00e9tica del Hospital San Antonio de Padua de la Ciudad de R\u00edo IV<\/b>&nbsp;<\/span><br \/><span style=\"font-size: large;\">ha reflexionado sobre el tema del aborto, tan presente en la agenda publica nacional y han elaborado un texto que se puede descargar y leer a continuaci\u00f3n.<\/span><\/p>\n<p><\/p>\n<div style=\"clear: both; text-align: center;\"><a href=\"https:\/\/1.bp.blogspot.com\/-vGV8quyKYf0\/WtDf7TTtVzI\/AAAAAAAAAz8\/mEHYofjfi50vvtj7mzSSH_sTZs3PcLg4gCLcBGAs\/s1600\/rio%2BIV.JPG\" style=\"margin-left: 1em; margin-right: 1em;\"><img loading=\"lazy\" decoding=\"async\" border=\"0\" data-original-height=\"617\" data-original-width=\"1213\" height=\"324\" src=\"https:\/\/1.bp.blogspot.com\/-vGV8quyKYf0\/WtDf7TTtVzI\/AAAAAAAAAz8\/mEHYofjfi50vvtj7mzSSH_sTZs3PcLg4gCLcBGAs\/s640\/rio%2BIV.JPG\" width=\"640\" \/><\/a><\/div>\n<div style=\"text-align: center;\"><a href=\"https:\/\/1drv.ms\/b\/s!ArqUhHEg59VvhaQwA1OQjWCpFwyY_Q\" target=\"_blank\" rel=\"noopener\"><span style=\"font-size: large;\">Texto a &#8220;Favor de la Vida&#8221; &#8211; Comit\u00e9 de Bio\u00e9tica San Antonio de Padua. Rio IV<\/span><\/a><\/div>\n","protected":false},"excerpt":{"rendered":"<p>El comit\u00e9 de Bio\u00e9tica del Hospital San Antonio de Padua de la Ciudad de R\u00edo IV&nbsp;ha reflexionado sobre el tema del aborto, tan presente en la agenda publica nacional y han elaborado un texto que se puede descargar y leer a continuaci\u00f3n. Texto a &#8220;Favor de la Vida&#8221; &#8211; Comit\u00e9 de Bio\u00e9tica San Antonio de [&hellip;]<\/p>\n","protected":false},"author":2,"featured_media":0,"comment_status":"open","ping_status":"open","sticky":false,"template":"","format":"standard","meta":{"footnotes":""},"categories":[213,208,3],"tags":[],"class_list":["post-391","post","type-post","status-publish","format-standard","hentry","category-documento-de-bioetica","category-inicio-de-la-vida","category-red-de-comite-de-bioetica"],"_links":{"self":[{"href":"https:\/\/bioetica.ar\/index.php\/wp-json\/wp\/v2\/posts\/391","targetHints":{"allow":["GET"]}}],"collection":[{"href":"https:\/\/bioetica.ar\/index.php\/wp-json\/wp\/v2\/posts"}],"about":[{"href":"https:\/\/bioetica.ar\/index.php\/wp-json\/wp\/v2\/types\/post"}],"author":[{"embeddable":true,"href":"https:\/\/bioetica.ar\/index.php\/wp-json\/wp\/v2\/users\/2"}],"replies":[{"embeddable":true,"href":"https:\/\/bioetica.ar\/index.php\/wp-json\/wp\/v2\/comments?post=391"}],"version-history":[{"count":0,"href":"https:\/\/bioetica.ar\/index.php\/wp-json\/wp\/v2\/posts\/391\/revisions"}],"wp:attachment":[{"href":"https:\/\/bioetica.ar\/index.php\/wp-json\/wp\/v2\/media?parent=391"}],"wp:term":[{"taxonomy":"category","embeddable":true,"href":"https:\/\/bioetica.ar\/index.php\/wp-json\/wp\/v2\/categories?post=391"},{"taxonomy":"post_tag","embeddable":true,"href":"https:\/\/bioetica.ar\/index.php\/wp-json\/wp\/v2\/tags?post=391"}],"curies":[{"name":"wp","href":"https:\/\/api.w.org\/{rel}","templated":true}]}}