{"id":406,"date":"2018-02-23T00:01:00","date_gmt":"2018-02-23T00:01:00","guid":{"rendered":"https:\/\/bioetica.ar\/index.php\/2018\/02\/23\/se-acabo-la-salud-gratis-para-los-extranjeros-en-jujuy-si-tienen-que-pagar-que-paguen\/"},"modified":"2018-02-23T00:01:00","modified_gmt":"2018-02-23T00:01:00","slug":"se-acabo-la-salud-gratis-para-los-extranjeros-en-jujuy-si-tienen-que-pagar-que-paguen","status":"publish","type":"post","link":"https:\/\/bioetica.ar\/index.php\/2018\/02\/23\/se-acabo-la-salud-gratis-para-los-extranjeros-en-jujuy-si-tienen-que-pagar-que-paguen\/","title":{"rendered":"Se acab\u00f3 la salud gratis para los extranjeros en Jujuy: \u201cSi tienen que pagar, que paguen\u201d"},"content":{"rendered":"<div style=\"clear: both; text-align: center;\"><span style=\"margin-left: 1em; margin-right: 1em;\"><img decoding=\"async\" src=\"https:\/\/lh3.googleusercontent.com\/proxy\/oO8vHj9NEm_mPpBP_1I3LbqIxVcd9v5ODLc7on0LSOEp2hrm-wvMqurxHhh0h8koVWJBfJcy6tyTJLlzDZYYXcDyEvBpN7FyO9ilIIUoqqQloIgDb6UjjrYt5JYKBQtk\" \/><\/span><\/div>\n<p><span style=\"clear: right; color: #ffd966; float: right; font-size: large; margin-bottom: 1em; margin-left: 1em;\"><br \/><span style=\"clear: right; float: right; margin-bottom: 1em; margin-left: 1em;\">El ministro de Salud, Gustavo Bouhid, dej\u00f3 en claro c\u00f3mo va a ser el proyecto que se va a presentar para que los extranjeros deban pagar por la salud en la provincia.<\/span><\/p>\n<p><span style=\"clear: right; float: right; margin-bottom: 1em; margin-left: 1em;\">La medida ya recorri\u00f3 todo el pa\u00eds y los comentarios llegaron de todos lados, tanto a favor como en contra de este proyecto, lo que llev\u00f3 a una explicaci\u00f3n m\u00e1s profunda del proyecto.<\/span><\/p>\n<p><span style=\"clear: right; float: right; margin-bottom: 1em; margin-left: 1em;\">Gustavo Bohuid aclar\u00f3 que est\u00e1 presentando un proyecto para que los pacientes cr\u00f3nicos que continuamente solicitan derivaci\u00f3n en la provincia y significan un gasto para las arcas de Jujuy, paguen su internaci\u00f3n y su derivaci\u00f3n a otros hospitales.<\/span><\/p>\n<p><span style=\"clear: right; float: right; margin-bottom: 1em; margin-left: 1em;\">Asimismo aclar\u00f3 que las emergencias seguir\u00edan siendo gratuitas para todos, lo que si deber\u00edan pagar los extranjeros ser\u00eda los tratamientos por derivaci\u00f3n.<\/span><\/p>\n<p><span style=\"clear: right; float: right; margin-bottom: 1em; margin-left: 1em; text-align: left;\">Adem\u00e1s explic\u00f3 que &#8220;\u00e9l tenga la posibilidad de pagar, deber\u00e1 realizar el pago para poder atenderse y realizarse el tratamiento que corresponda&#8221;<\/span><span style=\"clear: right; float: right; margin-bottom: 1em; margin-left: 1em; text-align: left;\"><a href=\"http:\/\/www.quepasajujuy.com.ar\/29738-Se-acabo-la-salud-gratis-para-los-extranjeros-en-Jujuy-Si-tienen-que-pagar-que-paguen.htm\" target=\"_blank\" rel=\"noopener\">Fuente: Diario &#8220;Qu\u00e9 Pasa Jujuy&#8221;<\/a>&nbsp;<\/span><span style=\"clear: right; float: right; margin-bottom: 1em; margin-left: 1em; text-align: left;\"><br \/><\/span><\/span><!-- Blogger automated replacement: \"https:\/\/images-blogger-opensocial.googleusercontent.com\/gadgets\/proxy?url=http%3A%2F%2Fwww.quepasajujuy.com.ar%2FInfo%2FFiles%2FNoticia%2F29738%2Fbouhid-medico-S-.jpg&amp;container=blogger&amp;gadget=a&amp;rewriteMime=image%2F*\" with \"https:\/\/lh3.googleusercontent.com\/proxy\/oO8vHj9NEm_mPpBP_1I3LbqIxVcd9v5ODLc7on0LSOEp2hrm-wvMqurxHhh0h8koVWJBfJcy6tyTJLlzDZYYXcDyEvBpN7FyO9ilIIUoqqQloIgDb6UjjrYt5JYKBQtk\" --><\/p>\n","protected":false},"excerpt":{"rendered":"<p>El ministro de Salud, Gustavo Bouhid, dej\u00f3 en claro c\u00f3mo va a ser el proyecto que se va a presentar para que los extranjeros deban pagar por la salud en la provincia. La medida ya recorri\u00f3 todo el pa\u00eds y los comentarios llegaron de todos lados, tanto a favor como en contra de este proyecto, [&hellip;]<\/p>\n","protected":false},"author":2,"featured_media":0,"comment_status":"open","ping_status":"open","sticky":false,"template":"","format":"standard","meta":{"footnotes":""},"categories":[138,186],"tags":[],"class_list":["post-406","post","type-post","status-publish","format-standard","hentry","category-noticias","category-salud-publica"],"_links":{"self":[{"href":"https:\/\/bioetica.ar\/index.php\/wp-json\/wp\/v2\/posts\/406","targetHints":{"allow":["GET"]}}],"collection":[{"href":"https:\/\/bioetica.ar\/index.php\/wp-json\/wp\/v2\/posts"}],"about":[{"href":"https:\/\/bioetica.ar\/index.php\/wp-json\/wp\/v2\/types\/post"}],"author":[{"embeddable":true,"href":"https:\/\/bioetica.ar\/index.php\/wp-json\/wp\/v2\/users\/2"}],"replies":[{"embeddable":true,"href":"https:\/\/bioetica.ar\/index.php\/wp-json\/wp\/v2\/comments?post=406"}],"version-history":[{"count":0,"href":"https:\/\/bioetica.ar\/index.php\/wp-json\/wp\/v2\/posts\/406\/revisions"}],"wp:attachment":[{"href":"https:\/\/bioetica.ar\/index.php\/wp-json\/wp\/v2\/media?parent=406"}],"wp:term":[{"taxonomy":"category","embeddable":true,"href":"https:\/\/bioetica.ar\/index.php\/wp-json\/wp\/v2\/categories?post=406"},{"taxonomy":"post_tag","embeddable":true,"href":"https:\/\/bioetica.ar\/index.php\/wp-json\/wp\/v2\/tags?post=406"}],"curies":[{"name":"wp","href":"https:\/\/api.w.org\/{rel}","templated":true}]}}