{"id":411,"date":"2018-02-09T15:26:00","date_gmt":"2018-02-09T15:26:00","guid":{"rendered":"https:\/\/bioetica.ar\/index.php\/2018\/02\/09\/el-pueblo-de-los-pacientes-de-alzheimer-un-experimento-holandes-aclamado-en-el-mundo\/"},"modified":"2018-02-09T15:26:00","modified_gmt":"2018-02-09T15:26:00","slug":"el-pueblo-de-los-pacientes-de-alzheimer-un-experimento-holandes-aclamado-en-el-mundo","status":"publish","type":"post","link":"https:\/\/bioetica.ar\/index.php\/2018\/02\/09\/el-pueblo-de-los-pacientes-de-alzheimer-un-experimento-holandes-aclamado-en-el-mundo\/","title":{"rendered":"El pueblo de los pacientes de Alzheimer: un experimento holand\u00e9s aclamado en el mundo"},"content":{"rendered":"<div style=\"box-sizing: border-box; float: left; margin: 0px; min-height: 1px; position: static; width: 1138px;\">\n<div style=\"box-sizing: border-box;\">\n<div style=\"background-color: white; color: #333333; font-family: arial, helvetica, sans-serif; font-size: 20px;\"><\/div>\n<header style=\"box-sizing: border-box; float: left; min-height: 1px; padding: 0px; position: relative; width: 1138px;\"><span style=\"color: #ffe599;\"><span style=\"font-size: large;\">El pueblo de los pacientes de Alzheimer: un experimento holand\u00e9s aclamado en el mundo<br \/> Se llama Hogeweyk y alberga a 152 personas con un grado avanzado de demencia senil que viven con autonom\u00eda<\/span><span style=\"font-size: large;\">.<\/span><\/span><\/header>\n<header style=\"box-sizing: border-box; float: left; min-height: 1px; padding: 0px; position: relative; width: 1138px;\"><span style=\"color: #3d85c6; font-size: large;\"><br \/><\/span><\/header>\n<header style=\"box-sizing: border-box; float: left; min-height: 1px; padding: 0px; position: relative; width: 1138px;\"><span style=\"color: #3d85c6; font-size: medium;\"><span style=\"font-size: large; text-align: center;\">&nbsp; &nbsp; &nbsp; &nbsp; &nbsp; &nbsp; &nbsp; &nbsp; &nbsp; &nbsp; &nbsp; &nbsp; &nbsp; &nbsp; &nbsp; &nbsp; &nbsp; &nbsp;<a href=\"https:\/\/www.infobae.com\/america\/mundo\/2018\/02\/09\/el-pueblo-de-los-pacientes-de-alzheimer-un-experimento-holandes-aclamado-en-el-mundo\/\" style=\"text-align: center;\" target=\"_blank\" rel=\"noopener\">NOTICIA DE INFOBAE<\/a><\/span><\/span><\/header>\n<p>&nbsp; &nbsp; &nbsp; &nbsp; &nbsp; &nbsp; &nbsp; &nbsp; &nbsp; &nbsp; &nbsp; &nbsp; &nbsp; &nbsp; &nbsp; &nbsp; &nbsp; &nbsp; &nbsp; &nbsp; &nbsp; &nbsp; &nbsp; &nbsp; &nbsp; &nbsp; &nbsp; &nbsp; &nbsp; &nbsp; &nbsp; &nbsp;9 de febrero de 2018<\/p>\n<p><\/div>\n<\/div>\n<div style=\"background-color: white; box-sizing: border-box; float: left; font-size: 20px; min-height: 1px; padding-right: 16px; position: relative; width: 758.656px;\">\n<div style=\"box-sizing: border-box; clear: both; margin: 0px; padding-left: 0px; padding-right: 10px;\">\n<div style=\"box-sizing: border-box; margin-bottom: 20px;\">\n<div style=\"box-sizing: border-box;\">\n<div style=\"box-sizing: border-box; color: #333333; font-family: arial, helvetica, sans-serif;\"><\/p>\n<figure style=\"box-sizing: border-box; float: left; margin: 0px 0px 30px; min-height: 1px; position: relative; width: 732.656px;\">\n<div style=\"box-sizing: border-box; margin-bottom: 0px; position: relative;\">\n<div style=\"bottom: 0px; box-sizing: border-box; margin: 0px 0px 5px 5px; position: absolute; visibility: hidden;\">\n<div data-original=\"https:\/\/s3.amazonaws.com\/arc-wordpress-client-uploads\/infobae-wp\/wp-content\/uploads\/2018\/02\/08185400\/Hogeweyk-7.jpg\" data-url=\"http:\/\/www.infobae.com\/america\/mundo\/2018\/02\/09\/el-pueblo-de-los-pacientes-de-alzheimer-un-experimento-holandes-aclamado-en-el-mundo\/%23FZJA4FL6WNA23FBMX2MRISMMOU\" style=\"background-color: #395797; box-sizing: border-box; color: white; cursor: pointer; display: inline-block; height: 40px; margin-bottom: 0px; text-align: center; width: 40px;\"><span style=\"box-sizing: border-box; display: inline-block; font-family: &quot;fontawesome&quot;; font-size: 30px; font-stretch: normal; line-height: 1; padding-top: 5px;\"><\/span><\/div>\n<p><a href=\"https:\/\/twitter.com\/intent\/tweet?text=El%20pueblo%20de%20los%20pacientes%20de%20Alzheimer:%20un%20experimento%20holand%C3%A9s%20aclamado%20en%20el%20mundo&amp;url=http:\/\/www.infobae.com\/america\/mundo\/2018\/02\/09\/el-pueblo-de-los-pacientes-de-alzheimer-un-experimento-holandes-aclamado-en-el-mundo\/%23FZJA4FL6WNA23FBMX2MRISMMOU\" style=\"background-color: #54abee; box-sizing: border-box; color: white; display: inline-block; height: 40px; margin-bottom: 0px; text-align: center; text-decoration-line: none; width: 40px;\" target=\"_blank\" rel=\"noopener\"><span style=\"box-sizing: border-box; display: inline-block; font-family: &quot;fontawesome&quot;; font-size: 30px; font-stretch: normal; line-height: 1; padding-top: 5px;\"><\/span><\/a><a href=\"http:\/\/pinterest.com\/pin\/create\/button\/?&amp;media=https:\/\/s3.amazonaws.com\/arc-wordpress-client-uploads\/infobae-wp\/wp-content\/uploads\/2018\/02\/08185400\/Hogeweyk-7.jpg&amp;description=El%20pueblo%20de%20los%20pacientes%20de%20Alzheimer:%20un%20experimento%20holand%C3%A9s%20aclamado%20en%20el%20mundo&amp;url=http:\/\/www.infobae.com\/america\/mundo\/2018\/02\/09\/el-pueblo-de-los-pacientes-de-alzheimer-un-experimento-holandes-aclamado-en-el-mundo\/%23FZJA4FL6WNA23FBMX2MRISMMOU\" style=\"background-color: #be081e; box-sizing: border-box; color: white; display: inline-block; height: 40px; margin-bottom: 0px; text-align: center; text-decoration-line: none; width: 40px;\" target=\"_blank\" rel=\"noopener\"><span style=\"box-sizing: border-box; display: inline-block; font-family: &quot;fontawesome&quot;; font-size: 30px; font-stretch: normal; line-height: 1; padding-top: 5px;\"><\/span><\/a><a href=\"\/\/www.infobae.com\/america\/mundo\/2018\/02\/09\/el-pueblo-de-los-pacientes-de-alzheimer-un-experimento-holandes-aclamado-en-el-mundo\/%23FZJA4FL6WNA23FBMX2MRISMMOU\" style=\"background-color: #43d854; box-sizing: border-box; color: white; display: inline-block; height: 40px; margin-bottom: 0px; text-align: center; text-decoration-line: none; width: 40px;\" target=\"_blank\" rel=\"noopener\"><span style=\"box-sizing: border-box; display: inline-block; font-family: &quot;fontawesome&quot;; font-size: 30px; font-stretch: normal; line-height: 1; padding-top: 5px;\"><\/span><\/a><a href=\"https:\/\/telegram.me\/share\/url?url=http:\/\/www.infobae.com\/america\/mundo\/2018\/02\/09\/el-pueblo-de-los-pacientes-de-alzheimer-un-experimento-holandes-aclamado-en-el-mundo\/%23FZJA4FL6WNA23FBMX2MRISMMOU&amp;text=El%20pueblo%20de%20los%20pacientes%20de%20Alzheimer:%20un%20experimento%20holand%C3%A9s%20aclamado%20en%20el%20mundo\" style=\"background-color: #0489cc; box-sizing: border-box; color: white; display: inline-block; height: 40px; margin-bottom: 0px; text-align: center; text-decoration-line: none; width: 40px;\" target=\"_blank\" rel=\"noopener\"><span style=\"box-sizing: border-box; display: inline-block; font-family: &quot;fontawesome&quot;; font-size: 30px; font-stretch: normal; line-height: 1; padding-top: 5px;\"><\/span><\/a><\/div>\n<p><img decoding=\"async\" alt=\"Los residentes tienen a su disposici\u00f3n un bar, donde siempre tendr\u00e1n personal m\u00e9dico sin guardapolvos para que los atiendan.\" class=\"image-lazy\" data-original=\"https:\/\/www.infobae.com\/new-resizer\/c0AntL9pK12RnSWtsWVWmNsmtMk=\/600x0\/filters:quality(100)\/s3.amazonaws.com\/arc-wordpress-client-uploads\/infobae-wp\/wp-content\/uploads\/2018\/02\/08185400\/Hogeweyk-7.jpg\" data-url=\"http:\/\/www.infobae.com\/america\/mundo\/2018\/02\/09\/el-pueblo-de-los-pacientes-de-alzheimer-un-experimento-holandes-aclamado-en-el-mundo\/%23FZJA4FL6WNA23FBMX2MRISMMOU\" height=\"421.42857142857144\" id=\"FZJA4FL6WNA23FBMX2MRISMMOU\" src=\"https:\/\/www.infobae.com\/new-resizer\/c0AntL9pK12RnSWtsWVWmNsmtMk=\/600x0\/filters:quality(100)\/s3.amazonaws.com\/arc-wordpress-client-uploads\/infobae-wp\/wp-content\/uploads\/2018\/02\/08185400\/Hogeweyk-7.jpg\" style=\"border: 0px; box-sizing: border-box; display: inline; height: auto; margin: 0px auto; max-width: 100%; vertical-align: middle; width: 732.656px;\" width=\"750\" \/><\/div><figcaption style=\"box-sizing: border-box; color: #6e6e6e; font-size: 16px; line-height: 1.7em;\"><span style=\"box-sizing: border-box;\">Los residentes tienen a su disposici\u00f3n un bar, donde siempre tendr\u00e1n personal m\u00e9dico sin guardapolvos para que los atiendan.<\/span><\/figcaption><\/figure>\n<\/div>\n<div style=\"box-sizing: border-box;\">\n<div style=\"box-sizing: border-box; float: left; min-height: 1px; position: relative; width: 732.656px;\">\n<div style=\"box-sizing: border-box; font-size: 18px; line-height: 1.7em; margin-bottom: 30px;\">\n<div style=\"color: black; font-family: arial, helvetica, sans-serif;\"><span style=\"box-sizing: border-box; font-weight: 700;\"><br \/><\/span><\/div>\n<p><span style=\"box-sizing: border-box; font-weight: 700;\"><span style=\"box-sizing: border-box; color: #333333; float: left; font-family: &quot;arial&quot; , &quot;helvetica&quot; , sans-serif; font-weight: 400; line-height: 1.7em; margin-bottom: 10px;\"><br \/><\/span><span style=\"box-sizing: border-box; color: #333333; float: left; font-family: &quot;arial&quot; , &quot;helvetica&quot; , sans-serif; font-weight: 400; line-height: 1.7em; margin-bottom: 10px;\"><br \/><\/span><span style=\"box-sizing: border-box; color: #333333; float: left; font-family: &quot;arial&quot; , &quot;helvetica&quot; , sans-serif; font-weight: 400; line-height: 1.7em; margin-bottom: 10px;\"><br \/><\/span><\/span><\/p>\n<div style=\"color: black; font-family: arial, helvetica, sans-serif;\"><span style=\"box-sizing: border-box; font-weight: 700;\">En Weesp, al sudeste de&nbsp;<a href=\"https:\/\/www.infobae.com\/tag\/amsterdam\/\" style=\"background-color: transparent; box-sizing: border-box; color: #2e6d9d; text-decoration-line: none;\">Amsterdam<\/a>, hay una comunidad cerrada<\/span>&nbsp;de 23 edificios decorados en cuatro estilos;&nbsp;tiene&nbsp;parques, un teatro, un paseo comercial, un supermercado, un bar y un restaurante. En ese lugar, una suerte de peque\u00f1o suburbio llamado<span style=\"box-sizing: border-box; font-weight: 700;\">&nbsp;Hogeweyk<\/span>, viven<span style=\"box-sizing: border-box; font-weight: 700;\">&nbsp;152 personas cuya exclusividad se debe a algo que comparten: todos tienen un grado avanzado de&nbsp;<a href=\"https:\/\/www.infobae.com\/tag\/demencia-senil\/\" style=\"background-color: transparent; box-sizing: border-box; color: #2e6d9d; text-decoration-line: none;\">demencia senil<\/a><\/span>, sea por&nbsp;<a href=\"https:\/\/www.infobae.com\/tag\/alzheimer\/\" style=\"background-color: transparent; box-sizing: border-box; color: #2e6d9d; text-decoration-line: none;\">Alzheimer<\/a>&nbsp;o por otras enfermedades asociadas.<\/div>\n<div style=\"color: black; font-family: arial, helvetica, sans-serif;\"><\/div>\n<div style=\"color: black; font-family: arial, helvetica, sans-serif;\"><span style=\"box-sizing: border-box; font-weight: 700;\"><a href=\"https:\/\/www.dementiavillage.com\/\" style=\"background-color: transparent; box-sizing: border-box; color: #2e6d9d; text-decoration-line: none;\">Hogeweyk<\/a>&nbsp;es un&nbsp;<a href=\"https:\/\/www.infobae.com\/tag\/geriatrico\/\" style=\"background-color: transparent; box-sizing: border-box; color: #2e6d9d; text-decoration-line: none;\">geri\u00e1trico<\/a>, pero nada lo revela.<\/span>&nbsp;Los implementos m\u00e9dicos est\u00e1n en el dep\u00f3sito del supermercado, por ejemplo, o en las alacenas de los apartamentos.&nbsp;<span style=\"box-sizing: border-box; font-weight: 700;\">El barman que prepara los tragos es un barman de verdad<\/span>, s\u00f3lo que adem\u00e1s tiene una especialidad secundaria en trato de ancianos enfermos.&nbsp;Los&nbsp;<a href=\"https:\/\/www.infobae.com\/tag\/medicos\/\" style=\"background-color: transparent; box-sizing: border-box; color: #2e6d9d;\">profesionales de la salud<\/a>est\u00e1n en cada rinc\u00f3n de la instituci\u00f3n, pero&nbsp;<span style=\"box-sizing: border-box; font-weight: 700;\">ninguno lleva guardapolvo<\/span>.<\/div>\n<\/div>\n<\/div>\n<\/div>\n<div style=\"box-sizing: border-box; color: #333333; font-family: arial, helvetica, sans-serif;\">\n<p><\/p>\n<figure style=\"box-sizing: border-box; float: left; margin: 0px 0px 30px; min-height: 1px; position: relative; width: 732.656px;\">\n<div style=\"box-sizing: border-box; margin-bottom: 0px; position: relative;\">\n<div style=\"bottom: 0px; box-sizing: border-box; margin: 0px 0px 5px 5px; position: absolute; visibility: hidden;\">\n<div data-original=\"https:\/\/s3.amazonaws.com\/arc-wordpress-client-uploads\/infobae-wp\/wp-content\/uploads\/2018\/02\/08185419\/Hogeweyk-1.jpg\" data-url=\"http:\/\/www.infobae.com\/america\/mundo\/2018\/02\/09\/el-pueblo-de-los-pacientes-de-alzheimer-un-experimento-holandes-aclamado-en-el-mundo\/%23SIYKUOVYPJB4ZLQQABB46UNPVI\" style=\"background-color: #395797; box-sizing: border-box; color: white; cursor: pointer; display: inline-block; height: 40px; margin-bottom: 0px; text-align: center; width: 40px;\"><span style=\"box-sizing: border-box; display: inline-block; font-family: &quot;fontawesome&quot;; font-size: 30px; font-stretch: normal; line-height: 1; padding-top: 5px;\"><\/span><\/div>\n<p><a href=\"https:\/\/twitter.com\/intent\/tweet?text=El%20pueblo%20de%20los%20pacientes%20de%20Alzheimer:%20un%20experimento%20holand%C3%A9s%20aclamado%20en%20el%20mundo&amp;url=http:\/\/www.infobae.com\/america\/mundo\/2018\/02\/09\/el-pueblo-de-los-pacientes-de-alzheimer-un-experimento-holandes-aclamado-en-el-mundo\/%23SIYKUOVYPJB4ZLQQABB46UNPVI\" style=\"background-color: #54abee; box-sizing: border-box; color: white; display: inline-block; height: 40px; margin-bottom: 0px; text-align: center; text-decoration-line: none; width: 40px;\" target=\"_blank\" rel=\"noopener\"><span style=\"box-sizing: border-box; display: inline-block; font-family: &quot;fontawesome&quot;; font-size: 30px; font-stretch: normal; line-height: 1; padding-top: 5px;\"><\/span><\/a><a href=\"http:\/\/pinterest.com\/pin\/create\/button\/?&amp;media=https:\/\/s3.amazonaws.com\/arc-wordpress-client-uploads\/infobae-wp\/wp-content\/uploads\/2018\/02\/08185419\/Hogeweyk-1.jpg&amp;description=El%20pueblo%20de%20los%20pacientes%20de%20Alzheimer:%20un%20experimento%20holand%C3%A9s%20aclamado%20en%20el%20mundo&amp;url=http:\/\/www.infobae.com\/america\/mundo\/2018\/02\/09\/el-pueblo-de-los-pacientes-de-alzheimer-un-experimento-holandes-aclamado-en-el-mundo\/%23SIYKUOVYPJB4ZLQQABB46UNPVI\" style=\"background-color: #be081e; box-sizing: border-box; color: white; display: inline-block; height: 40px; margin-bottom: 0px; text-align: center; text-decoration-line: none; width: 40px;\" target=\"_blank\" rel=\"noopener\"><span style=\"box-sizing: border-box; display: inline-block; font-family: &quot;fontawesome&quot;; font-size: 30px; font-stretch: normal; line-height: 1; padding-top: 5px;\"><\/span><\/a><a href=\"\/\/www.infobae.com\/america\/mundo\/2018\/02\/09\/el-pueblo-de-los-pacientes-de-alzheimer-un-experimento-holandes-aclamado-en-el-mundo\/%23SIYKUOVYPJB4ZLQQABB46UNPVI\" style=\"background-color: #43d854; box-sizing: border-box; color: white; display: inline-block; height: 40px; margin-bottom: 0px; text-align: center; text-decoration-line: none; width: 40px;\" target=\"_blank\" rel=\"noopener\"><span style=\"box-sizing: border-box; display: inline-block; font-family: &quot;fontawesome&quot;; font-size: 30px; font-stretch: normal; line-height: 1; padding-top: 5px;\"><\/span><\/a><a href=\"https:\/\/telegram.me\/share\/url?url=http:\/\/www.infobae.com\/america\/mundo\/2018\/02\/09\/el-pueblo-de-los-pacientes-de-alzheimer-un-experimento-holandes-aclamado-en-el-mundo\/%23SIYKUOVYPJB4ZLQQABB46UNPVI&amp;text=El%20pueblo%20de%20los%20pacientes%20de%20Alzheimer:%20un%20experimento%20holand%C3%A9s%20aclamado%20en%20el%20mundo\" style=\"background-color: #0489cc; box-sizing: border-box; color: white; display: inline-block; height: 40px; margin-bottom: 0px; text-align: center; text-decoration-line: none; width: 40px;\" target=\"_blank\" rel=\"noopener\"><span style=\"box-sizing: border-box; display: inline-block; font-family: &quot;fontawesome&quot;; font-size: 30px; font-stretch: normal; line-height: 1; padding-top: 5px;\"><\/span><\/a><\/div>\n<p><img decoding=\"async\" alt=\"Hogeweyk se re-inaugur\u00f3 en 2008 y cambi\u00f3 completamente su concepto anterior de asilo.\" class=\"image-lazy\" data-original=\"https:\/\/www.infobae.com\/new-resizer\/TUItmNsSDWyLyYOtN-ESKm9GbIo=\/600x0\/filters:quality(100)\/s3.amazonaws.com\/arc-wordpress-client-uploads\/infobae-wp\/wp-content\/uploads\/2018\/02\/08185419\/Hogeweyk-1.jpg\" data-url=\"http:\/\/www.infobae.com\/america\/mundo\/2018\/02\/09\/el-pueblo-de-los-pacientes-de-alzheimer-un-experimento-holandes-aclamado-en-el-mundo\/%23SIYKUOVYPJB4ZLQQABB46UNPVI\" height=\"422.32142857142856\" id=\"SIYKUOVYPJB4ZLQQABB46UNPVI\" src=\"https:\/\/www.infobae.com\/new-resizer\/TUItmNsSDWyLyYOtN-ESKm9GbIo=\/600x0\/filters:quality(100)\/s3.amazonaws.com\/arc-wordpress-client-uploads\/infobae-wp\/wp-content\/uploads\/2018\/02\/08185419\/Hogeweyk-1.jpg\" style=\"border: 0px; box-sizing: border-box; display: inline; height: auto; margin: 0px auto; max-width: 100%; vertical-align: middle; width: 732.656px;\" width=\"750\" \/><\/div><figcaption style=\"box-sizing: border-box; color: #6e6e6e; font-size: 16px; line-height: 1.7em;\"><span style=\"box-sizing: border-box;\">Hogeweyk se re-inaugur\u00f3 en 2008 y cambi\u00f3 completamente su concepto anterior de asilo.<\/span><\/figcaption><\/figure>\n<\/div>\n<div style=\"box-sizing: border-box; color: #333333; font-family: arial, helvetica, sans-serif;\">\n<div style=\"box-sizing: border-box; float: left; min-height: 1px; position: relative; width: 732.656px;\">\n<div style=\"box-sizing: border-box; color: black; font-size: 18px; line-height: 1.7em; margin-bottom: 30px;\">Los pacientes&nbsp;siguen sus vidas tranquilas, apacibles, entretenidas,&nbsp;<span style=\"box-sizing: border-box; font-weight: 700;\">sin la violencia del entorno m\u00e1s frecuente en los hospicios<\/span>, que les quita sus rutinas cotidianas.<\/div>\n<\/div>\n<\/div>\n<div style=\"box-sizing: border-box; color: #333333; font-family: arial, helvetica, sans-serif;\">\n<div style=\"box-sizing: border-box; margin: 0px; padding-left: 0px; padding-right: 0px;\">\n<div data-desktop-display=\"true\" data-google-query-id=\"CIP-6t2OmdkCFc-jswodUvsPeA\" data-mobile-display=\"true\" data-slot-name=\"inline\" style=\"box-sizing: border-box; clear: both; margin: 0px auto 30px; min-height: 0px; padding: 0px 10px;\">\n<div style=\"border: 0pt none; box-sizing: border-box; margin: auto; text-align: center;\"><iframe frameborder=\"0\" height=\"1\" marginheight=\"0\" marginwidth=\"0\" name=\"google_ads_iframe_\/1058609\/america\/mundo\/nota\/inline_0\" scrolling=\"no\" style=\"border-style: initial; border-width: 0px; box-sizing: border-box; vertical-align: bottom;\" title=\"3rd party ad content\" width=\"1\"><\/iframe><\/div>\n<\/div>\n<div style=\"box-sizing: border-box;\"><\/div>\n<\/div>\n<div style=\"box-sizing: border-box; float: left; min-height: 1px; position: relative; width: 732.656px;\">\n<div style=\"box-sizing: border-box; color: black; font-size: 18px; line-height: 1.7em; margin-bottom: 30px;\"><span style=\"box-sizing: border-box; font-weight: 700;\">Eloy van Hal<\/span>&nbsp;\u2014graduado de ciencias del consumo, que se dedica a productos e instituciones de la salud desde 1997\u2014&nbsp;<span style=\"box-sizing: border-box; font-weight: 700;\">tuvo una idea: dejar de confundir a la gente que ya est\u00e1 confundida<\/span>. Eso, esperaba, mejorar\u00eda el resultado de sus tratamientos.<\/div>\n<\/div>\n<\/div>\n<div style=\"box-sizing: border-box; color: #333333; font-family: arial, helvetica, sans-serif;\">\n<div style=\"box-sizing: border-box; float: left; min-height: 1px; position: relative; width: 732.656px;\">\n<div style=\"box-sizing: border-box; color: black; font-size: 18px; line-height: 1.7em; margin-bottom: 30px;\">Y lo hizo.&nbsp;<span style=\"box-sizing: border-box; font-weight: 700;\">En 1993, cuando Hogeweyk era todav\u00eda un asilo, el 50% de los pacientes recib\u00eda medicaci\u00f3n antipsic\u00f3tica; en 2015, s\u00f3lo el 8%<\/span>, seg\u00fan inform\u00f3&nbsp;<em style=\"box-sizing: border-box;\"><a href=\"https:\/\/www.economist.com\/news\/europe\/21734412-netherlands-pursues-promising-costly-experiment-new-way-caring-vulnerable\" style=\"background-color: transparent; box-sizing: border-box; color: #2e6d9d; text-decoration-line: none;\">The Economist<\/a><\/em>. Los habitantes de la nueva villa, que se puso en marcha en 2008 con&nbsp;<span style=\"box-sizing: border-box; font-weight: 700;\">conceptos de arquitectura y urbanismo que apuntaban a reproducir la vida del holand\u00e9s medio<\/span>, le dieron 9,1 puntos sobre 10 en una encuesta de 2010, mientras el promedio del pa\u00eds era de 7,5 puntos.<\/div>\n<\/div>\n<\/div>\n<div style=\"box-sizing: border-box; color: #333333; font-family: arial, helvetica, sans-serif;\">\n<p><\/p>\n<figure style=\"box-sizing: border-box; float: left; margin: 0px 0px 30px; min-height: 1px; position: relative; width: 732.656px;\">\n<div style=\"box-sizing: border-box; margin-bottom: 0px; position: relative;\">\n<div style=\"bottom: 0px; box-sizing: border-box; margin: 0px 0px 5px 5px; position: absolute; visibility: hidden;\">\n<div data-original=\"https:\/\/s3.amazonaws.com\/arc-wordpress-client-uploads\/infobae-wp\/wp-content\/uploads\/2018\/02\/08185337\/Hogeweyk-2.jpg\" data-url=\"http:\/\/www.infobae.com\/america\/mundo\/2018\/02\/09\/el-pueblo-de-los-pacientes-de-alzheimer-un-experimento-holandes-aclamado-en-el-mundo\/%23JQTVVS6BSFGOFAL6JS7LPM3QXM\" style=\"background-color: #395797; box-sizing: border-box; color: white; cursor: pointer; display: inline-block; height: 40px; margin-bottom: 0px; text-align: center; width: 40px;\"><span style=\"box-sizing: border-box; display: inline-block; font-family: &quot;fontawesome&quot;; font-size: 30px; font-stretch: normal; line-height: 1; padding-top: 5px;\"><\/span><\/div>\n<p><a href=\"https:\/\/twitter.com\/intent\/tweet?text=El%20pueblo%20de%20los%20pacientes%20de%20Alzheimer:%20un%20experimento%20holand%C3%A9s%20aclamado%20en%20el%20mundo&amp;url=http:\/\/www.infobae.com\/america\/mundo\/2018\/02\/09\/el-pueblo-de-los-pacientes-de-alzheimer-un-experimento-holandes-aclamado-en-el-mundo\/%23JQTVVS6BSFGOFAL6JS7LPM3QXM\" style=\"background-color: #54abee; box-sizing: border-box; color: white; display: inline-block; height: 40px; margin-bottom: 0px; text-align: center; text-decoration-line: none; width: 40px;\" target=\"_blank\" rel=\"noopener\"><span style=\"box-sizing: border-box; display: inline-block; font-family: &quot;fontawesome&quot;; font-size: 30px; font-stretch: normal; line-height: 1; padding-top: 5px;\"><\/span><\/a><a href=\"http:\/\/pinterest.com\/pin\/create\/button\/?&amp;media=https:\/\/s3.amazonaws.com\/arc-wordpress-client-uploads\/infobae-wp\/wp-content\/uploads\/2018\/02\/08185337\/Hogeweyk-2.jpg&amp;description=El%20pueblo%20de%20los%20pacientes%20de%20Alzheimer:%20un%20experimento%20holand%C3%A9s%20aclamado%20en%20el%20mundo&amp;url=http:\/\/www.infobae.com\/america\/mundo\/2018\/02\/09\/el-pueblo-de-los-pacientes-de-alzheimer-un-experimento-holandes-aclamado-en-el-mundo\/%23JQTVVS6BSFGOFAL6JS7LPM3QXM\" style=\"background-color: #be081e; box-sizing: border-box; color: white; display: inline-block; height: 40px; margin-bottom: 0px; text-align: center; text-decoration-line: none; width: 40px;\" target=\"_blank\" rel=\"noopener\"><span style=\"box-sizing: border-box; display: inline-block; font-family: &quot;fontawesome&quot;; font-size: 30px; font-stretch: normal; line-height: 1; padding-top: 5px;\"><\/span><\/a><a href=\"\/\/www.infobae.com\/america\/mundo\/2018\/02\/09\/el-pueblo-de-los-pacientes-de-alzheimer-un-experimento-holandes-aclamado-en-el-mundo\/%23JQTVVS6BSFGOFAL6JS7LPM3QXM\" style=\"background-color: #43d854; box-sizing: border-box; color: white; display: inline-block; height: 40px; margin-bottom: 0px; text-align: center; text-decoration-line: none; width: 40px;\" target=\"_blank\" rel=\"noopener\"><span style=\"box-sizing: border-box; display: inline-block; font-family: &quot;fontawesome&quot;; font-size: 30px; font-stretch: normal; line-height: 1; padding-top: 5px;\"><\/span><\/a><a href=\"https:\/\/telegram.me\/share\/url?url=http:\/\/www.infobae.com\/america\/mundo\/2018\/02\/09\/el-pueblo-de-los-pacientes-de-alzheimer-un-experimento-holandes-aclamado-en-el-mundo\/%23JQTVVS6BSFGOFAL6JS7LPM3QXM&amp;text=El%20pueblo%20de%20los%20pacientes%20de%20Alzheimer:%20un%20experimento%20holand%C3%A9s%20aclamado%20en%20el%20mundo\" style=\"background-color: #0489cc; box-sizing: border-box; color: white; display: inline-block; height: 40px; margin-bottom: 0px; text-align: center; text-decoration-line: none; width: 40px;\" target=\"_blank\" rel=\"noopener\"><span style=\"box-sizing: border-box; display: inline-block; font-family: &quot;fontawesome&quot;; font-size: 30px; font-stretch: normal; line-height: 1; padding-top: 5px;\"><\/span><\/a><\/div>\n<p><img decoding=\"async\" alt=\"Las instalaciones\u00a0reproducen las calles de un suburbio holand\u00e9s com\u00fan.\" class=\"image-lazy\" data-original=\"https:\/\/www.infobae.com\/new-resizer\/-LsolMdewrX-mrtH4VsacFYsqjY=\/600x0\/filters:quality(100)\/s3.amazonaws.com\/arc-wordpress-client-uploads\/infobae-wp\/wp-content\/uploads\/2018\/02\/08185337\/Hogeweyk-2.jpg\" data-url=\"http:\/\/www.infobae.com\/america\/mundo\/2018\/02\/09\/el-pueblo-de-los-pacientes-de-alzheimer-un-experimento-holandes-aclamado-en-el-mundo\/%23JQTVVS6BSFGOFAL6JS7LPM3QXM\" height=\"390.17857142857144\" id=\"JQTVVS6BSFGOFAL6JS7LPM3QXM\" src=\"https:\/\/www.infobae.com\/new-resizer\/-LsolMdewrX-mrtH4VsacFYsqjY=\/600x0\/filters:quality(100)\/s3.amazonaws.com\/arc-wordpress-client-uploads\/infobae-wp\/wp-content\/uploads\/2018\/02\/08185337\/Hogeweyk-2.jpg\" style=\"border: 0px; box-sizing: border-box; display: inline; height: auto; margin: 0px auto; max-width: 100%; vertical-align: middle; width: 732.656px;\" width=\"750\" \/><\/div><figcaption style=\"box-sizing: border-box; color: #6e6e6e; font-size: 16px; line-height: 1.7em;\"><span style=\"box-sizing: border-box;\">Las instalaciones&nbsp;reproducen las calles de un suburbio holand\u00e9s com\u00fan.<\/span><\/figcaption><\/figure>\n<\/div>\n<div style=\"box-sizing: border-box; color: #333333; font-family: arial, helvetica, sans-serif;\">\n<div style=\"box-sizing: border-box; float: left; min-height: 1px; position: relative; width: 732.656px;\">\n<div style=\"box-sizing: border-box; color: black; font-size: 18px; line-height: 1.7em; margin-bottom: 30px;\"><span style=\"box-sizing: border-box; font-weight: 700;\">Hoy uno de cada tres adultos mayores&nbsp;llega al final de su vida con Alzheimer u otra forma de demencia senil<\/span>. Cada vez m\u00e1s mueren de eso: mientras desde 2000&nbsp;las fatalidades por enfermedad&nbsp;card\u00edaca se redujeron en un 14%, las debidas a estos trastornos&nbsp;aumentaron en un 89 por ciento.<\/div>\n<\/div>\n<\/div>\n<div style=\"box-sizing: border-box; color: #333333; font-family: arial, helvetica, sans-serif;\">\n<div style=\"box-sizing: border-box; float: left; min-height: 1px; position: relative; width: 732.656px;\">\n<div style=\"box-sizing: border-box; color: black; font-size: 18px; line-height: 1.7em; margin-bottom: 30px;\"><span style=\"box-sizing: border-box; font-weight: 700;\">Y en el mundo unos 50 millones de personas padecen demencia, la cifra que aumenta&nbsp;en cerca de 10 millones&nbsp;cada a\u00f1o.<\/span>&nbsp;En ese contexto, el razonamiento original del&nbsp;administrador de Hogeweyk&nbsp;cobrar\u00e1 m\u00e1s importancia&nbsp;con el paso&nbsp;del tiempo: &#8220;Todos estos residentes necesitan tratamiento m\u00e9dico, s\u00ed. Todos toman medicaci\u00f3n. Todos tienen un grado avanzado de demencia.&nbsp;<span style=\"box-sizing: border-box; font-weight: 700;\">Pero primero son una persona<\/span>&#8220;, dijo a&nbsp;<em style=\"box-sizing: border-box;\"><a href=\"http:\/\/www.businessinsider.com\/inside-hogewey-dementia-village-2017-7\/#hogeweyk-started-in-1993-as-your-typical-hospital-style-nursing-home-but-the-staff-soon-realized-there-was-a-better-more-humane-way-to-offer-care-1\" style=\"background-color: transparent; box-sizing: border-box; color: #2e6d9d; text-decoration-line: none;\">Business Insider<\/a><\/em>. Aqu\u00ed viven personas con demencia, no dementes&#8221;.<\/div>\n<\/div>\n<\/div>\n<div style=\"box-sizing: border-box; color: #333333; font-family: arial, helvetica, sans-serif;\">\n<div style=\"box-sizing: border-box; float: left; min-height: 1px; position: relative; width: 732.656px;\">\n<div style=\"box-sizing: border-box; color: black; font-size: 18px; line-height: 1.7em; margin-bottom: 30px;\">Val Hal comenz\u00f3 el proyecto pensando en&nbsp;<span style=\"box-sizing: border-box; font-weight: 700;\">qu\u00e9 clase de instituci\u00f3n querr\u00eda \u00e9l para sus padres, y para s\u00ed mismo<\/span>. Su equipo lleg\u00f3 r\u00e1pidamente a una conclusi\u00f3n:&nbsp;<span style=\"box-sizing: border-box; font-weight: 700;\">una que se pareciera a la normalidad, todo lo posible dadas las circunstancias<\/span>. Para eso&nbsp;<span style=\"box-sizing: border-box; font-weight: 700;\">el&nbsp;eje deb\u00eda ser el bienestar del paciente<\/span>, no la comodidad del trabajo del staff m\u00e9dico.<\/div>\n<\/div>\n<\/div>\n<div style=\"box-sizing: border-box; color: #333333; font-family: arial, helvetica, sans-serif;\">\n<p><\/p>\n<figure style=\"box-sizing: border-box; float: left; margin: 0px 0px 30px; min-height: 1px; position: relative; width: 732.656px;\">\n<div style=\"box-sizing: border-box; margin-bottom: 0px; position: relative;\">\n<div style=\"bottom: 0px; box-sizing: border-box; margin: 0px 0px 5px 5px; position: absolute; visibility: hidden;\">\n<div data-original=\"https:\/\/s3.amazonaws.com\/arc-wordpress-client-uploads\/infobae-wp\/wp-content\/uploads\/2018\/02\/08185414\/Hogeweyk-10.jpg\" data-url=\"http:\/\/www.infobae.com\/america\/mundo\/2018\/02\/09\/el-pueblo-de-los-pacientes-de-alzheimer-un-experimento-holandes-aclamado-en-el-mundo\/%23XW4MLPUMY5AZJFZ7VKMUQVJ4GU\" style=\"background-color: #395797; box-sizing: border-box; color: white; cursor: pointer; display: inline-block; height: 40px; margin-bottom: 0px; text-align: center; width: 40px;\"><span style=\"box-sizing: border-box; display: inline-block; font-family: &quot;fontawesome&quot;; font-size: 30px; font-stretch: normal; line-height: 1; padding-top: 5px;\"><\/span><\/div>\n<p><a href=\"https:\/\/twitter.com\/intent\/tweet?text=El%20pueblo%20de%20los%20pacientes%20de%20Alzheimer:%20un%20experimento%20holand%C3%A9s%20aclamado%20en%20el%20mundo&amp;url=http:\/\/www.infobae.com\/america\/mundo\/2018\/02\/09\/el-pueblo-de-los-pacientes-de-alzheimer-un-experimento-holandes-aclamado-en-el-mundo\/%23XW4MLPUMY5AZJFZ7VKMUQVJ4GU\" style=\"background-color: #54abee; box-sizing: border-box; color: white; display: inline-block; height: 40px; margin-bottom: 0px; text-align: center; text-decoration-line: none; width: 40px;\" target=\"_blank\" rel=\"noopener\"><span style=\"box-sizing: border-box; display: inline-block; font-family: &quot;fontawesome&quot;; font-size: 30px; font-stretch: normal; line-height: 1; padding-top: 5px;\"><\/span><\/a><a href=\"http:\/\/pinterest.com\/pin\/create\/button\/?&amp;media=https:\/\/s3.amazonaws.com\/arc-wordpress-client-uploads\/infobae-wp\/wp-content\/uploads\/2018\/02\/08185414\/Hogeweyk-10.jpg&amp;description=El%20pueblo%20de%20los%20pacientes%20de%20Alzheimer:%20un%20experimento%20holand%C3%A9s%20aclamado%20en%20el%20mundo&amp;url=http:\/\/www.infobae.com\/america\/mundo\/2018\/02\/09\/el-pueblo-de-los-pacientes-de-alzheimer-un-experimento-holandes-aclamado-en-el-mundo\/%23XW4MLPUMY5AZJFZ7VKMUQVJ4GU\" style=\"background-color: #be081e; box-sizing: border-box; color: white; display: inline-block; height: 40px; margin-bottom: 0px; text-align: center; text-decoration-line: none; width: 40px;\" target=\"_blank\" rel=\"noopener\"><span style=\"box-sizing: border-box; display: inline-block; font-family: &quot;fontawesome&quot;; font-size: 30px; font-stretch: normal; line-height: 1; padding-top: 5px;\"><\/span><\/a><a href=\"\/\/www.infobae.com\/america\/mundo\/2018\/02\/09\/el-pueblo-de-los-pacientes-de-alzheimer-un-experimento-holandes-aclamado-en-el-mundo\/%23XW4MLPUMY5AZJFZ7VKMUQVJ4GU\" style=\"background-color: #43d854; box-sizing: border-box; color: white; display: inline-block; height: 40px; margin-bottom: 0px; text-align: center; text-decoration-line: none; width: 40px;\" target=\"_blank\" rel=\"noopener\"><span style=\"box-sizing: border-box; display: inline-block; font-family: &quot;fontawesome&quot;; font-size: 30px; font-stretch: normal; line-height: 1; padding-top: 5px;\"><\/span><\/a><a href=\"https:\/\/telegram.me\/share\/url?url=http:\/\/www.infobae.com\/america\/mundo\/2018\/02\/09\/el-pueblo-de-los-pacientes-de-alzheimer-un-experimento-holandes-aclamado-en-el-mundo\/%23XW4MLPUMY5AZJFZ7VKMUQVJ4GU&amp;text=El%20pueblo%20de%20los%20pacientes%20de%20Alzheimer:%20un%20experimento%20holand%C3%A9s%20aclamado%20en%20el%20mundo\" style=\"background-color: #0489cc; box-sizing: border-box; color: white; display: inline-block; height: 40px; margin-bottom: 0px; text-align: center; text-decoration-line: none; width: 40px;\" target=\"_blank\" rel=\"noopener\"><span style=\"box-sizing: border-box; display: inline-block; font-family: &quot;fontawesome&quot;; font-size: 30px; font-stretch: normal; line-height: 1; padding-top: 5px;\"><\/span><\/a><\/div>\n<p><img decoding=\"async\" alt=\"Los pacientes eligen el estilo de\u00a0sus habitaciones entre\u00a0cuatro: cosmopolita, amante de la naturaleza, de lujo y holand\u00e9s tradicional.\" class=\"image-lazy\" data-original=\"https:\/\/www.infobae.com\/new-resizer\/OcKG_HPjAs6oXQgzbeNldreCdok=\/600x0\/filters:quality(100)\/s3.amazonaws.com\/arc-wordpress-client-uploads\/infobae-wp\/wp-content\/uploads\/2018\/02\/08185414\/Hogeweyk-10.jpg\" data-url=\"http:\/\/www.infobae.com\/america\/mundo\/2018\/02\/09\/el-pueblo-de-los-pacientes-de-alzheimer-un-experimento-holandes-aclamado-en-el-mundo\/%23XW4MLPUMY5AZJFZ7VKMUQVJ4GU\" height=\"422.32142857142856\" id=\"XW4MLPUMY5AZJFZ7VKMUQVJ4GU\" src=\"https:\/\/www.infobae.com\/new-resizer\/OcKG_HPjAs6oXQgzbeNldreCdok=\/600x0\/filters:quality(100)\/s3.amazonaws.com\/arc-wordpress-client-uploads\/infobae-wp\/wp-content\/uploads\/2018\/02\/08185414\/Hogeweyk-10.jpg\" style=\"border: 0px; box-sizing: border-box; display: inline; height: auto; margin: 0px auto; max-width: 100%; vertical-align: middle; width: 732.656px;\" width=\"750\" \/><\/div><figcaption style=\"box-sizing: border-box; color: #6e6e6e; font-size: 16px; line-height: 1.7em;\"><span style=\"box-sizing: border-box;\">Los pacientes eligen el estilo de&nbsp;sus habitaciones entre&nbsp;cuatro: cosmopolita, amante de la naturaleza, de lujo y holand\u00e9s tradicional.<\/span><\/figcaption><\/figure>\n<\/div>\n<div style=\"box-sizing: border-box; color: #333333; font-family: arial, helvetica, sans-serif;\">\n<div style=\"box-sizing: border-box; float: left; min-height: 1px; position: relative; width: 732.656px;\">\n<div style=\"box-sizing: border-box; color: black; font-size: 18px; line-height: 1.7em; margin-bottom: 30px;\">&#8220;Cuando uno camina por una ciudad no ve un m\u00e9dico en la calle, ni una enfermera en plena atenci\u00f3n del vecino&#8221;, dijo a&nbsp;<a href=\"https:\/\/www.thetimes.co.uk\/article\/dementia-village-is-the-real-deal-pkp98knnq\" style=\"background-color: transparent; box-sizing: border-box; color: #2e6d9d; text-decoration-line: none;\"><em style=\"box-sizing: border-box;\">The Times<\/em><\/a>. &#8220;As\u00ed que \u00bfpor qu\u00e9&nbsp;tendr\u00edamos que verlos aqu\u00ed?&nbsp;<span style=\"box-sizing: border-box; font-weight: 700;\">Los geri\u00e1tricos tradicionales causan miedo, estr\u00e9s y nerviosismo.<\/span>&nbsp;La gente est\u00e1 en un ambiente que no reconoce, con est\u00edmulos negativos y sin el contexto social que han tenido durante todas sus vidas&#8221;.<\/div>\n<\/div>\n<\/div>\n<div style=\"box-sizing: border-box; color: #333333; font-family: arial, helvetica, sans-serif;\">\n<div style=\"box-sizing: border-box; float: left; min-height: 1px; position: relative; width: 732.656px;\">\n<div style=\"box-sizing: border-box; color: black; font-size: 18px; line-height: 1.7em; margin-bottom: 30px;\">Un equipo de arquitectos dise\u00f1\u00f3 el complejo de 23 casas en cuatro diferentes &#8220;estilos de vida&#8221;: cosmopolita, amante de la naturaleza,&nbsp;de lujo y holand\u00e9s tradicional.&nbsp;<span style=\"box-sizing: border-box; font-weight: 700;\">&#8220;La gente tiene que elegir&#8221;<\/span>,&nbsp;enfatiz\u00f3 el administrador a&nbsp;<em style=\"box-sizing: border-box;\">Business Insider<\/em>. &#8220;Hogeweyk le da una enorme importancia a la elecci\u00f3n expresa&#8221;.<\/div>\n<\/div>\n<\/div>\n<div style=\"box-sizing: border-box; color: #333333; font-family: arial, helvetica, sans-serif;\">\n<p><\/p>\n<figure style=\"box-sizing: border-box; float: left; margin: 0px 0px 30px; min-height: 1px; position: relative; width: 732.656px;\">\n<div style=\"box-sizing: border-box; margin-bottom: 0px; position: relative;\">\n<div style=\"bottom: 0px; box-sizing: border-box; margin: 0px 0px 5px 5px; position: absolute; visibility: hidden;\">\n<div data-original=\"https:\/\/s3.amazonaws.com\/arc-wordpress-client-uploads\/infobae-wp\/wp-content\/uploads\/2018\/02\/08185404\/Hogeweyk-8.jpg\" data-url=\"http:\/\/www.infobae.com\/america\/mundo\/2018\/02\/09\/el-pueblo-de-los-pacientes-de-alzheimer-un-experimento-holandes-aclamado-en-el-mundo\/%23OR6FNBLZGVC3JOCNTXTLBTF3EM\" style=\"background-color: #395797; box-sizing: border-box; color: white; cursor: pointer; display: inline-block; height: 40px; margin-bottom: 0px; text-align: center; width: 40px;\"><span style=\"box-sizing: border-box; display: inline-block; font-family: &quot;fontawesome&quot;; font-size: 30px; font-stretch: normal; line-height: 1; padding-top: 5px;\"><\/span><\/div>\n<p><a href=\"https:\/\/twitter.com\/intent\/tweet?text=El%20pueblo%20de%20los%20pacientes%20de%20Alzheimer:%20un%20experimento%20holand%C3%A9s%20aclamado%20en%20el%20mundo&amp;url=http:\/\/www.infobae.com\/america\/mundo\/2018\/02\/09\/el-pueblo-de-los-pacientes-de-alzheimer-un-experimento-holandes-aclamado-en-el-mundo\/%23OR6FNBLZGVC3JOCNTXTLBTF3EM\" style=\"background-color: #54abee; box-sizing: border-box; color: white; display: inline-block; height: 40px; margin-bottom: 0px; text-align: center; text-decoration-line: none; width: 40px;\" target=\"_blank\" rel=\"noopener\"><span style=\"box-sizing: border-box; display: inline-block; font-family: &quot;fontawesome&quot;; font-size: 30px; font-stretch: normal; line-height: 1; padding-top: 5px;\"><\/span><\/a><a href=\"http:\/\/pinterest.com\/pin\/create\/button\/?&amp;media=https:\/\/s3.amazonaws.com\/arc-wordpress-client-uploads\/infobae-wp\/wp-content\/uploads\/2018\/02\/08185404\/Hogeweyk-8.jpg&amp;description=El%20pueblo%20de%20los%20pacientes%20de%20Alzheimer:%20un%20experimento%20holand%C3%A9s%20aclamado%20en%20el%20mundo&amp;url=http:\/\/www.infobae.com\/america\/mundo\/2018\/02\/09\/el-pueblo-de-los-pacientes-de-alzheimer-un-experimento-holandes-aclamado-en-el-mundo\/%23OR6FNBLZGVC3JOCNTXTLBTF3EM\" style=\"background-color: #be081e; box-sizing: border-box; color: white; display: inline-block; height: 40px; margin-bottom: 0px; text-align: center; text-decoration-line: none; width: 40px;\" target=\"_blank\" rel=\"noopener\"><span style=\"box-sizing: border-box; display: inline-block; font-family: &quot;fontawesome&quot;; font-size: 30px; font-stretch: normal; line-height: 1; padding-top: 5px;\"><\/span><\/a><a href=\"\/\/www.infobae.com\/america\/mundo\/2018\/02\/09\/el-pueblo-de-los-pacientes-de-alzheimer-un-experimento-holandes-aclamado-en-el-mundo\/%23OR6FNBLZGVC3JOCNTXTLBTF3EM\" style=\"background-color: #43d854; box-sizing: border-box; color: white; display: inline-block; height: 40px; margin-bottom: 0px; text-align: center; text-decoration-line: none; width: 40px;\" target=\"_blank\" rel=\"noopener\"><span style=\"box-sizing: border-box; display: inline-block; font-family: &quot;fontawesome&quot;; font-size: 30px; font-stretch: normal; line-height: 1; padding-top: 5px;\"><\/span><\/a><a href=\"https:\/\/telegram.me\/share\/url?url=http:\/\/www.infobae.com\/america\/mundo\/2018\/02\/09\/el-pueblo-de-los-pacientes-de-alzheimer-un-experimento-holandes-aclamado-en-el-mundo\/%23OR6FNBLZGVC3JOCNTXTLBTF3EM&amp;text=El%20pueblo%20de%20los%20pacientes%20de%20Alzheimer:%20un%20experimento%20holand%C3%A9s%20aclamado%20en%20el%20mundo\" style=\"background-color: #0489cc; box-sizing: border-box; color: white; display: inline-block; height: 40px; margin-bottom: 0px; text-align: center; text-decoration-line: none; width: 40px;\" target=\"_blank\" rel=\"noopener\"><span style=\"box-sizing: border-box; display: inline-block; font-family: &quot;fontawesome&quot;; font-size: 30px; font-stretch: normal; line-height: 1; padding-top: 5px;\"><\/span><\/a><\/div>\n<p><img decoding=\"async\" alt=\"Aunque hay actividades\u00a0fijas como la terapia f\u00edsica o la atenci\u00f3n m\u00e9dica, los pacientes de Hogeweyk conservan su autonom\u00eda.\" class=\"image-lazy\" data-original=\"https:\/\/www.infobae.com\/new-resizer\/sm53IRE6gbn1A4oxtR8Rwqquk8M=\/600x0\/filters:quality(100)\/s3.amazonaws.com\/arc-wordpress-client-uploads\/infobae-wp\/wp-content\/uploads\/2018\/02\/08185404\/Hogeweyk-8.jpg\" data-url=\"http:\/\/www.infobae.com\/america\/mundo\/2018\/02\/09\/el-pueblo-de-los-pacientes-de-alzheimer-un-experimento-holandes-aclamado-en-el-mundo\/%23OR6FNBLZGVC3JOCNTXTLBTF3EM\" height=\"500.0\" id=\"OR6FNBLZGVC3JOCNTXTLBTF3EM\" src=\"https:\/\/www.infobae.com\/new-resizer\/sm53IRE6gbn1A4oxtR8Rwqquk8M=\/600x0\/filters:quality(100)\/s3.amazonaws.com\/arc-wordpress-client-uploads\/infobae-wp\/wp-content\/uploads\/2018\/02\/08185404\/Hogeweyk-8.jpg\" style=\"border: 0px; box-sizing: border-box; display: inline; height: auto; margin: 0px auto; max-width: 100%; vertical-align: middle; width: 732.656px;\" width=\"750\" \/><\/div><figcaption style=\"box-sizing: border-box; color: #6e6e6e; font-size: 16px; line-height: 1.7em;\"><span style=\"box-sizing: border-box;\">Aunque hay actividades&nbsp;fijas como la terapia f\u00edsica o la atenci\u00f3n m\u00e9dica, los pacientes de Hogeweyk conservan su autonom\u00eda.<\/span><\/figcaption><\/figure>\n<\/div>\n<div style=\"box-sizing: border-box; color: #333333; font-family: arial, helvetica, sans-serif;\">\n<div style=\"box-sizing: border-box; float: left; min-height: 1px; position: relative; width: 732.656px;\">\n<div style=\"box-sizing: border-box; color: black; font-size: 18px; line-height: 1.7em; margin-bottom: 30px;\">En cada una de las unidades&nbsp;<span style=\"box-sizing: border-box; font-weight: 700;\">viven seis o siete residentes y una persona que los cuida,&nbsp;va con ellos a las actividades sociales, los ayuda a hacer las compras<\/span>.&nbsp;El supermercado es un entretenimiento para muchos.&nbsp;Queda&nbsp;en un paseo de compras en el que&nbsp;<span style=\"box-sizing: border-box; font-weight: 700;\">los residentes pueden usar dinero, si gustan<\/span>; en la pr\u00e1ctica s\u00f3lo un pu\u00f1ado lo hace, los&nbsp;que conservan mayor lucidez y no lo sienten como un problema extra. Lo que m\u00e1s suelen comprar son dulces.<\/div>\n<\/div>\n<\/div>\n<div style=\"box-sizing: border-box; color: #333333; font-family: arial, helvetica, sans-serif;\">\n<div style=\"box-sizing: border-box; float: left; min-height: 1px; position: relative; width: 732.656px;\">\n<div style=\"box-sizing: border-box; color: black; font-size: 18px; line-height: 1.7em; margin-bottom: 30px;\"><span style=\"box-sizing: border-box; font-weight: 700;\">Pueden beber cerveza o vino, y para eso hay un bar.<\/span>&nbsp;Excepto que&nbsp;demuestren problemas&nbsp;en el consumo del&nbsp;alcohol, &#8220;no les vamos a cambiar sus malos h\u00e1bitos&#8221;, ironiz\u00f3 Van Hal.&nbsp;<span style=\"box-sizing: border-box; font-weight: 700;\">Tambi\u00e9n tienen peluquer\u00eda&nbsp;y&nbsp; fiestas.<\/span><\/div>\n<\/div>\n<\/div>\n<div style=\"box-sizing: border-box; color: #333333; font-family: arial, helvetica, sans-serif;\">\n<p><\/p>\n<figure style=\"box-sizing: border-box; float: left; margin: 0px 0px 30px; min-height: 1px; position: relative; width: 732.656px;\">\n<div style=\"box-sizing: border-box; margin-bottom: 0px; position: relative;\">\n<div style=\"bottom: 0px; box-sizing: border-box; margin: 0px 0px 5px 5px; position: absolute; visibility: hidden;\">\n<div data-original=\"https:\/\/s3.amazonaws.com\/arc-wordpress-client-uploads\/infobae-wp\/wp-content\/uploads\/2018\/02\/08185409\/Hogeweyk-9.jpg\" data-url=\"http:\/\/www.infobae.com\/america\/mundo\/2018\/02\/09\/el-pueblo-de-los-pacientes-de-alzheimer-un-experimento-holandes-aclamado-en-el-mundo\/%23SG73HQEOSJHT5AVWS5SCR6KE4M\" style=\"background-color: #395797; box-sizing: border-box; color: white; cursor: pointer; display: inline-block; height: 40px; margin-bottom: 0px; text-align: center; width: 40px;\"><span style=\"box-sizing: border-box; display: inline-block; font-family: &quot;fontawesome&quot;; font-size: 30px; font-stretch: normal; line-height: 1; padding-top: 5px;\"><\/span><\/div>\n<p><a href=\"https:\/\/twitter.com\/intent\/tweet?text=El%20pueblo%20de%20los%20pacientes%20de%20Alzheimer:%20un%20experimento%20holand%C3%A9s%20aclamado%20en%20el%20mundo&amp;url=http:\/\/www.infobae.com\/america\/mundo\/2018\/02\/09\/el-pueblo-de-los-pacientes-de-alzheimer-un-experimento-holandes-aclamado-en-el-mundo\/%23SG73HQEOSJHT5AVWS5SCR6KE4M\" style=\"background-color: #54abee; box-sizing: border-box; color: white; display: inline-block; height: 40px; margin-bottom: 0px; text-align: center; text-decoration-line: none; width: 40px;\" target=\"_blank\" rel=\"noopener\"><span style=\"box-sizing: border-box; display: inline-block; font-family: &quot;fontawesome&quot;; font-size: 30px; font-stretch: normal; line-height: 1; padding-top: 5px;\"><\/span><\/a><a href=\"http:\/\/pinterest.com\/pin\/create\/button\/?&amp;media=https:\/\/s3.amazonaws.com\/arc-wordpress-client-uploads\/infobae-wp\/wp-content\/uploads\/2018\/02\/08185409\/Hogeweyk-9.jpg&amp;description=El%20pueblo%20de%20los%20pacientes%20de%20Alzheimer:%20un%20experimento%20holand%C3%A9s%20aclamado%20en%20el%20mundo&amp;url=http:\/\/www.infobae.com\/america\/mundo\/2018\/02\/09\/el-pueblo-de-los-pacientes-de-alzheimer-un-experimento-holandes-aclamado-en-el-mundo\/%23SG73HQEOSJHT5AVWS5SCR6KE4M\" style=\"background-color: #be081e; box-sizing: border-box; color: white; display: inline-block; height: 40px; margin-bottom: 0px; text-align: center; text-decoration-line: none; width: 40px;\" target=\"_blank\" rel=\"noopener\"><span style=\"box-sizing: border-box; display: inline-block; font-family: &quot;fontawesome&quot;; font-size: 30px; font-stretch: normal; line-height: 1; padding-top: 5px;\"><\/span><\/a><a href=\"\/\/www.infobae.com\/america\/mundo\/2018\/02\/09\/el-pueblo-de-los-pacientes-de-alzheimer-un-experimento-holandes-aclamado-en-el-mundo\/%23SG73HQEOSJHT5AVWS5SCR6KE4M\" style=\"background-color: #43d854; box-sizing: border-box; color: white; display: inline-block; height: 40px; margin-bottom: 0px; text-align: center; text-decoration-line: none; width: 40px;\" target=\"_blank\" rel=\"noopener\"><span style=\"box-sizing: border-box; display: inline-block; font-family: &quot;fontawesome&quot;; font-size: 30px; font-stretch: normal; line-height: 1; padding-top: 5px;\"><\/span><\/a><a href=\"https:\/\/telegram.me\/share\/url?url=http:\/\/www.infobae.com\/america\/mundo\/2018\/02\/09\/el-pueblo-de-los-pacientes-de-alzheimer-un-experimento-holandes-aclamado-en-el-mundo\/%23SG73HQEOSJHT5AVWS5SCR6KE4M&amp;text=El%20pueblo%20de%20los%20pacientes%20de%20Alzheimer:%20un%20experimento%20holand%C3%A9s%20aclamado%20en%20el%20mundo\" style=\"background-color: #0489cc; box-sizing: border-box; color: white; display: inline-block; height: 40px; margin-bottom: 0px; text-align: center; text-decoration-line: none; width: 40px;\" target=\"_blank\" rel=\"noopener\"><span style=\"box-sizing: border-box; display: inline-block; font-family: &quot;fontawesome&quot;; font-size: 30px; font-stretch: normal; line-height: 1; padding-top: 5px;\"><\/span><\/a><\/div>\n<p><img decoding=\"async\" alt=\"En cada una de las 23 casas viven entre seis y siete residentes con un acompa\u00f1ante profesional.\" class=\"image-lazy\" data-original=\"https:\/\/www.infobae.com\/new-resizer\/9Egt0vwyptE31jueS_Rwg6FAhuE=\/600x0\/filters:quality(100)\/s3.amazonaws.com\/arc-wordpress-client-uploads\/infobae-wp\/wp-content\/uploads\/2018\/02\/08185409\/Hogeweyk-9.jpg\" data-url=\"http:\/\/www.infobae.com\/america\/mundo\/2018\/02\/09\/el-pueblo-de-los-pacientes-de-alzheimer-un-experimento-holandes-aclamado-en-el-mundo\/%23SG73HQEOSJHT5AVWS5SCR6KE4M\" height=\"422.32142857142856\" id=\"SG73HQEOSJHT5AVWS5SCR6KE4M\" src=\"https:\/\/www.infobae.com\/new-resizer\/9Egt0vwyptE31jueS_Rwg6FAhuE=\/600x0\/filters:quality(100)\/s3.amazonaws.com\/arc-wordpress-client-uploads\/infobae-wp\/wp-content\/uploads\/2018\/02\/08185409\/Hogeweyk-9.jpg\" style=\"border: 0px; box-sizing: border-box; display: inline; height: auto; margin: 0px auto; max-width: 100%; vertical-align: middle; width: 732.656px;\" width=\"750\" \/><\/div><figcaption style=\"box-sizing: border-box; color: #6e6e6e; font-size: 16px; line-height: 1.7em;\"><span style=\"box-sizing: border-box;\">En cada una de las 23 casas viven entre seis y siete residentes con un acompa\u00f1ante profesional.<\/span><\/figcaption><\/figure>\n<\/div>\n<div style=\"box-sizing: border-box; color: #333333; font-family: arial, helvetica, sans-serif;\">\n<div style=\"box-sizing: border-box; float: left; min-height: 1px; position: relative; width: 732.656px;\">\n<div style=\"box-sizing: border-box; color: black; font-size: 18px; line-height: 1.7em; margin-bottom: 30px;\">Algunos estudios han sugerido que la soledad&nbsp;hace tanto da\u00f1o a la salud como el tabaquismo y&nbsp;el doble que la obesidad. Y como los adultos mayores son actualmente el grupo que m\u00e1s tiende a vivir&nbsp;en soledad, Hogeweyk les brinda&nbsp;<span style=\"box-sizing: border-box; font-weight: 700;\">actividades, desde ciclismo a paseos, obras de teatro y bingo, para que salgan al aire libre e interact\u00faen<\/span>.<\/div>\n<\/div>\n<\/div>\n<div style=\"box-sizing: border-box; color: #333333; font-family: arial, helvetica, sans-serif;\">\n<div style=\"box-sizing: border-box; float: left; min-height: 1px; position: relative; width: 732.656px;\">\n<div style=\"box-sizing: border-box; color: black; font-size: 18px; line-height: 1.7em; margin-bottom: 30px;\">A algunos residentes les&nbsp;gusta&nbsp;<span style=\"box-sizing: border-box; font-weight: 700;\">colaborar en las tareas del mantenimiento de sus casas, como lo hac\u00edan antes<\/span>: cuidar los jardines, o doblar las toallas exactamente con su estilo de pliego\u2026 la&nbsp;<span style=\"box-sizing: border-box; font-weight: 700;\">terapia de reminiscencia<\/span>&nbsp;\u2014una de las bases de&nbsp;la instituci\u00f3n, como la terapia f\u00edsica y el tratamiento m\u00e9dico\u2014 toma muchas formas.<\/div>\n<\/div>\n<\/div>\n<div style=\"box-sizing: border-box; color: #333333; font-family: arial, helvetica, sans-serif;\">\n<p><\/p>\n<figure style=\"box-sizing: border-box; float: left; margin: 0px 0px 30px; min-height: 1px; position: relative; width: 732.656px;\">\n<div style=\"box-sizing: border-box; margin-bottom: 0px; position: relative;\">\n<div style=\"bottom: 0px; box-sizing: border-box; margin: 0px 0px 5px 5px; position: absolute; visibility: hidden;\">\n<div data-original=\"https:\/\/s3.amazonaws.com\/arc-wordpress-client-uploads\/infobae-wp\/wp-content\/uploads\/2018\/02\/08185347\/Hogeweyk-4.jpg\" data-url=\"http:\/\/www.infobae.com\/america\/mundo\/2018\/02\/09\/el-pueblo-de-los-pacientes-de-alzheimer-un-experimento-holandes-aclamado-en-el-mundo\/%23XMTSDFJG6VBLVEMHIVGF7FIMBE\" style=\"background-color: #395797; box-sizing: border-box; color: white; cursor: pointer; display: inline-block; height: 40px; margin-bottom: 0px; text-align: center; width: 40px;\"><span style=\"box-sizing: border-box; display: inline-block; font-family: &quot;fontawesome&quot;; font-size: 30px; font-stretch: normal; line-height: 1; padding-top: 5px;\"><\/span><\/div>\n<p><a href=\"https:\/\/twitter.com\/intent\/tweet?text=El%20pueblo%20de%20los%20pacientes%20de%20Alzheimer:%20un%20experimento%20holand%C3%A9s%20aclamado%20en%20el%20mundo&amp;url=http:\/\/www.infobae.com\/america\/mundo\/2018\/02\/09\/el-pueblo-de-los-pacientes-de-alzheimer-un-experimento-holandes-aclamado-en-el-mundo\/%23XMTSDFJG6VBLVEMHIVGF7FIMBE\" style=\"background-color: #54abee; box-sizing: border-box; color: white; display: inline-block; height: 40px; margin-bottom: 0px; text-align: center; text-decoration-line: none; width: 40px;\" target=\"_blank\" rel=\"noopener\"><span style=\"box-sizing: border-box; display: inline-block; font-family: &quot;fontawesome&quot;; font-size: 30px; font-stretch: normal; line-height: 1; padding-top: 5px;\"><\/span><\/a><a href=\"http:\/\/pinterest.com\/pin\/create\/button\/?&amp;media=https:\/\/s3.amazonaws.com\/arc-wordpress-client-uploads\/infobae-wp\/wp-content\/uploads\/2018\/02\/08185347\/Hogeweyk-4.jpg&amp;description=El%20pueblo%20de%20los%20pacientes%20de%20Alzheimer:%20un%20experimento%20holand%C3%A9s%20aclamado%20en%20el%20mundo&amp;url=http:\/\/www.infobae.com\/america\/mundo\/2018\/02\/09\/el-pueblo-de-los-pacientes-de-alzheimer-un-experimento-holandes-aclamado-en-el-mundo\/%23XMTSDFJG6VBLVEMHIVGF7FIMBE\" style=\"background-color: #be081e; box-sizing: border-box; color: white; display: inline-block; height: 40px; margin-bottom: 0px; text-align: center; text-decoration-line: none; width: 40px;\" target=\"_blank\" rel=\"noopener\"><span style=\"box-sizing: border-box; display: inline-block; font-family: &quot;fontawesome&quot;; font-size: 30px; font-stretch: normal; line-height: 1; padding-top: 5px;\"><\/span><\/a><a href=\"\/\/www.infobae.com\/america\/mundo\/2018\/02\/09\/el-pueblo-de-los-pacientes-de-alzheimer-un-experimento-holandes-aclamado-en-el-mundo\/%23XMTSDFJG6VBLVEMHIVGF7FIMBE\" style=\"background-color: #43d854; box-sizing: border-box; color: white; display: inline-block; height: 40px; margin-bottom: 0px; text-align: center; text-decoration-line: none; width: 40px;\" target=\"_blank\" rel=\"noopener\"><span style=\"box-sizing: border-box; display: inline-block; font-family: &quot;fontawesome&quot;; font-size: 30px; font-stretch: normal; line-height: 1; padding-top: 5px;\"><\/span><\/a><a href=\"https:\/\/telegram.me\/share\/url?url=http:\/\/www.infobae.com\/america\/mundo\/2018\/02\/09\/el-pueblo-de-los-pacientes-de-alzheimer-un-experimento-holandes-aclamado-en-el-mundo\/%23XMTSDFJG6VBLVEMHIVGF7FIMBE&amp;text=El%20pueblo%20de%20los%20pacientes%20de%20Alzheimer:%20un%20experimento%20holand%C3%A9s%20aclamado%20en%20el%20mundo\" style=\"background-color: #0489cc; box-sizing: border-box; color: white; display: inline-block; height: 40px; margin-bottom: 0px; text-align: center; text-decoration-line: none; width: 40px;\" target=\"_blank\" rel=\"noopener\"><span style=\"box-sizing: border-box; display: inline-block; font-family: &quot;fontawesome&quot;; font-size: 30px; font-stretch: normal; line-height: 1; padding-top: 5px;\"><\/span><\/a><\/div>\n<p><img decoding=\"async\" alt=\"El proyecto cont\u00f3 con un dise\u00f1o de arquitectura y urbanismo\u00a0especialmente dedicado.\" class=\"image-lazy\" data-original=\"https:\/\/www.infobae.com\/new-resizer\/QOWOiE09Qw8snNBZ7wdOwd4r-Xc=\/600x0\/filters:quality(100)\/s3.amazonaws.com\/arc-wordpress-client-uploads\/infobae-wp\/wp-content\/uploads\/2018\/02\/08185347\/Hogeweyk-4.jpg\" data-url=\"http:\/\/www.infobae.com\/america\/mundo\/2018\/02\/09\/el-pueblo-de-los-pacientes-de-alzheimer-un-experimento-holandes-aclamado-en-el-mundo\/%23XMTSDFJG6VBLVEMHIVGF7FIMBE\" height=\"532.1428571428572\" id=\"XMTSDFJG6VBLVEMHIVGF7FIMBE\" src=\"https:\/\/www.infobae.com\/new-resizer\/QOWOiE09Qw8snNBZ7wdOwd4r-Xc=\/600x0\/filters:quality(100)\/s3.amazonaws.com\/arc-wordpress-client-uploads\/infobae-wp\/wp-content\/uploads\/2018\/02\/08185347\/Hogeweyk-4.jpg\" style=\"border: 0px; box-sizing: border-box; display: inline; height: auto; margin: 0px auto; max-width: 100%; vertical-align: middle; width: 732.656px;\" width=\"750\" \/><\/div><figcaption style=\"box-sizing: border-box; color: #6e6e6e; font-size: 16px; line-height: 1.7em;\"><span style=\"box-sizing: border-box;\">El proyecto cont\u00f3 con un dise\u00f1o de arquitectura y urbanismo&nbsp;especialmente dedicado.<\/span><\/figcaption><\/figure>\n<\/div>\n<div style=\"box-sizing: border-box; color: #333333; font-family: arial, helvetica, sans-serif;\">\n<div style=\"box-sizing: border-box; float: left; min-height: 1px; position: relative; width: 732.656px;\">\n<div style=\"box-sizing: border-box; color: black; font-size: 18px; line-height: 1.7em; margin-bottom: 30px;\"><span style=\"box-sizing: border-box; font-weight: 700;\">Este&nbsp;puente entre la vida normal de una persona y sus \u00faltimos&nbsp;a\u00f1os afectada por una enfermedad neurol\u00f3gica<\/span>&nbsp;como las de la demencia es posible, por ahora, s\u00f3lo en&nbsp;<span style=\"box-sizing: border-box; font-weight: 700;\">Holanda<\/span>, donde el&nbsp;estado hace una fuerte inversi\u00f3n en&nbsp;la salud de sus ciudadanos. Con&nbsp;<span style=\"box-sizing: border-box; font-weight: 700;\">un costo de&nbsp;\u20ac6.000 mensuales por paciente (USD 7.160)<\/span>, de los cuales s\u00f3lo aquellos con recursos aportan el 40%,&nbsp;<span style=\"box-sizing: border-box; font-weight: 700;\">es necesario un presupuesto nacional como el holand\u00e9s: 4,3% del&nbsp;PBI se dedica a la atenci\u00f3n de las enfermedades cr\u00f3nicas<\/span>.<\/div>\n<\/div>\n<\/div>\n<div style=\"box-sizing: border-box; color: #333333; font-family: arial, helvetica, sans-serif;\">\n<div style=\"box-sizing: border-box; float: left; min-height: 1px; position: relative; width: 732.656px;\">\n<div style=\"box-sizing: border-box; color: black; font-size: 18px; line-height: 1.7em; margin-bottom: 30px;\">No obstante,&nbsp;<span style=\"box-sizing: border-box; font-weight: 700;\">en muchos lugares del mundo hay emprendimientos similares<\/span>: en&nbsp;<span style=\"box-sizing: border-box; font-weight: 700;\">Dresden<\/span>, el centro&nbsp;<span style=\"box-sizing: border-box; font-weight: 700;\">Alexa<\/span>&nbsp;tiene decoraci\u00f3n de las d\u00e9cadas de 1960 y 1970 para ayudar a que los pacientes con Alzheimer, que no tienen memoria cercana pero si de largo plazo, reestructuren sus vidas en un espacio que pueden reconocer, con todo y poster del ex l\u00edder germano- oriental&nbsp;<span style=\"box-sizing: border-box; font-weight: 700;\">Erich Honecker<\/span>.<\/div>\n<\/div>\n<\/div>\n<div style=\"box-sizing: border-box; color: #333333; font-family: arial, helvetica, sans-serif;\">\n<p><\/p>\n<figure style=\"box-sizing: border-box; float: left; margin: 0px 0px 30px; min-height: 1px; position: relative; width: 732.656px;\">\n<div style=\"box-sizing: border-box; margin-bottom: 0px; position: relative;\">\n<div style=\"bottom: 0px; box-sizing: border-box; margin: 0px 0px 5px 5px; position: absolute; visibility: hidden;\">\n<div data-original=\"https:\/\/s3.amazonaws.com\/arc-wordpress-client-uploads\/infobae-wp\/wp-content\/uploads\/2018\/02\/08185351\/Hogeweyk-5.jpg\" data-url=\"http:\/\/www.infobae.com\/america\/mundo\/2018\/02\/09\/el-pueblo-de-los-pacientes-de-alzheimer-un-experimento-holandes-aclamado-en-el-mundo\/%23S5TIZXZCCRG6NHRE67LMSYVRAM\" style=\"background-color: #395797; box-sizing: border-box; color: white; cursor: pointer; display: inline-block; height: 40px; margin-bottom: 0px; text-align: center; width: 40px;\"><span style=\"box-sizing: border-box; display: inline-block; font-family: &quot;fontawesome&quot;; font-size: 30px; font-stretch: normal; line-height: 1; padding-top: 5px;\"><\/span><\/div>\n<p><a href=\"https:\/\/twitter.com\/intent\/tweet?text=El%20pueblo%20de%20los%20pacientes%20de%20Alzheimer:%20un%20experimento%20holand%C3%A9s%20aclamado%20en%20el%20mundo&amp;url=http:\/\/www.infobae.com\/america\/mundo\/2018\/02\/09\/el-pueblo-de-los-pacientes-de-alzheimer-un-experimento-holandes-aclamado-en-el-mundo\/%23S5TIZXZCCRG6NHRE67LMSYVRAM\" style=\"background-color: #54abee; box-sizing: border-box; color: white; display: inline-block; height: 40px; margin-bottom: 0px; text-align: center; text-decoration-line: none; width: 40px;\" target=\"_blank\" rel=\"noopener\"><span style=\"box-sizing: border-box; display: inline-block; font-family: &quot;fontawesome&quot;; font-size: 30px; font-stretch: normal; line-height: 1; padding-top: 5px;\"><\/span><\/a><a href=\"http:\/\/pinterest.com\/pin\/create\/button\/?&amp;media=https:\/\/s3.amazonaws.com\/arc-wordpress-client-uploads\/infobae-wp\/wp-content\/uploads\/2018\/02\/08185351\/Hogeweyk-5.jpg&amp;description=El%20pueblo%20de%20los%20pacientes%20de%20Alzheimer:%20un%20experimento%20holand%C3%A9s%20aclamado%20en%20el%20mundo&amp;url=http:\/\/www.infobae.com\/america\/mundo\/2018\/02\/09\/el-pueblo-de-los-pacientes-de-alzheimer-un-experimento-holandes-aclamado-en-el-mundo\/%23S5TIZXZCCRG6NHRE67LMSYVRAM\" style=\"background-color: #be081e; box-sizing: border-box; color: white; display: inline-block; height: 40px; margin-bottom: 0px; text-align: center; text-decoration-line: none; width: 40px;\" target=\"_blank\" rel=\"noopener\"><span style=\"box-sizing: border-box; display: inline-block; font-family: &quot;fontawesome&quot;; font-size: 30px; font-stretch: normal; line-height: 1; padding-top: 5px;\"><\/span><\/a><a href=\"\/\/www.infobae.com\/america\/mundo\/2018\/02\/09\/el-pueblo-de-los-pacientes-de-alzheimer-un-experimento-holandes-aclamado-en-el-mundo\/%23S5TIZXZCCRG6NHRE67LMSYVRAM\" style=\"background-color: #43d854; box-sizing: border-box; color: white; display: inline-block; height: 40px; margin-bottom: 0px; text-align: center; text-decoration-line: none; width: 40px;\" target=\"_blank\" rel=\"noopener\"><span style=\"box-sizing: border-box; display: inline-block; font-family: &quot;fontawesome&quot;; font-size: 30px; font-stretch: normal; line-height: 1; padding-top: 5px;\"><\/span><\/a><a href=\"https:\/\/telegram.me\/share\/url?url=http:\/\/www.infobae.com\/america\/mundo\/2018\/02\/09\/el-pueblo-de-los-pacientes-de-alzheimer-un-experimento-holandes-aclamado-en-el-mundo\/%23S5TIZXZCCRG6NHRE67LMSYVRAM&amp;text=El%20pueblo%20de%20los%20pacientes%20de%20Alzheimer:%20un%20experimento%20holand%C3%A9s%20aclamado%20en%20el%20mundo\" style=\"background-color: #0489cc; box-sizing: border-box; color: white; display: inline-block; height: 40px; margin-bottom: 0px; text-align: center; text-decoration-line: none; width: 40px;\" target=\"_blank\" rel=\"noopener\"><span style=\"box-sizing: border-box; display: inline-block; font-family: &quot;fontawesome&quot;; font-size: 30px; font-stretch: normal; line-height: 1; padding-top: 5px;\"><\/span><\/a><\/div>\n<p><img decoding=\"async\" alt=\"Cuando comenz\u00f3 a desarrollar la idea, el administrador Eloy van Hal pens\u00f3 en qu\u00e9 clase de instituci\u00f3n quisiera \u00e9l para sus padres y para s\u00ed mismo.\" class=\"image-lazy\" data-original=\"https:\/\/www.infobae.com\/new-resizer\/YrIishRElMQ80nwX2gZUikNZoRw=\/600x0\/filters:quality(100)\/s3.amazonaws.com\/arc-wordpress-client-uploads\/infobae-wp\/wp-content\/uploads\/2018\/02\/08185351\/Hogeweyk-5.jpg\" data-url=\"http:\/\/www.infobae.com\/america\/mundo\/2018\/02\/09\/el-pueblo-de-los-pacientes-de-alzheimer-un-experimento-holandes-aclamado-en-el-mundo\/%23S5TIZXZCCRG6NHRE67LMSYVRAM\" height=\"390.17857142857144\" id=\"S5TIZXZCCRG6NHRE67LMSYVRAM\" src=\"https:\/\/www.infobae.com\/new-resizer\/YrIishRElMQ80nwX2gZUikNZoRw=\/600x0\/filters:quality(100)\/s3.amazonaws.com\/arc-wordpress-client-uploads\/infobae-wp\/wp-content\/uploads\/2018\/02\/08185351\/Hogeweyk-5.jpg\" style=\"border: 0px; box-sizing: border-box; display: inline; height: auto; margin: 0px auto; max-width: 100%; vertical-align: middle; width: 732.656px;\" width=\"750\" \/><\/div><figcaption style=\"box-sizing: border-box; color: #6e6e6e; font-size: 16px; line-height: 1.7em;\"><span style=\"box-sizing: border-box;\">Cuando comenz\u00f3 a desarrollar la idea, el administrador Eloy van Hal pens\u00f3 en qu\u00e9 clase de instituci\u00f3n quisiera \u00e9l para sus padres y para s\u00ed mismo.<\/span><\/figcaption><\/figure>\n<\/div>\n<div style=\"box-sizing: border-box; color: #333333; font-family: arial, helvetica, sans-serif;\">\n<div style=\"box-sizing: border-box; float: left; min-height: 1px; position: relative; width: 732.656px;\">\n<div style=\"box-sizing: border-box; color: black; font-size: 18px; line-height: 1.7em; margin-bottom: 30px;\">Otro, en&nbsp;<span style=\"box-sizing: border-box; font-weight: 700;\">D\u00fcsseldorf<\/span>, tiene espacios que estimulan la desaparici\u00f3n natural de la ansiedad que suelen sufrir estos enfermos, como&nbsp;<span style=\"box-sizing: border-box; font-weight: 700;\">una sencilla parada de autob\u00fas<\/span>: si alguno se desespera y quiere, en su confusi\u00f3n, volver a la casa donde vivi\u00f3 tres d\u00e9cadas atr\u00e1s, se puede quedar ah\u00ed y, luego de un rato, m\u00e1s tranquilo, regresa al asilo con un cuidador.<\/div>\n<\/div>\n<\/div>\n<div style=\"box-sizing: border-box; color: #333333; font-family: arial, helvetica, sans-serif;\">\n<div style=\"box-sizing: border-box; float: left; min-height: 1px; position: relative; width: 732.656px;\">\n<div style=\"box-sizing: border-box; color: black; font-size: 18px; line-height: 1.7em; margin-bottom: 30px;\">Acaso por&nbsp;esa clase de efecto-contagio&nbsp;<span style=\"box-sizing: border-box; font-weight: 700;\">Hogeweyk recibi\u00f3 unos 1.400 visitantes&nbsp;internacionales durante 2017,<\/span>&nbsp;profesionales de la salud en busca de consejo.<\/div>\n<\/div>\n<\/div>\n<\/div>\n<\/div>\n<\/div>\n<\/div>\n<div style=\"text-align: center;\"><\/div>\n","protected":false},"excerpt":{"rendered":"<p>El pueblo de los pacientes de Alzheimer: un experimento holand\u00e9s aclamado en el mundo Se llama Hogeweyk y alberga a 152 personas con un grado avanzado de demencia senil que viven con autonom\u00eda. &nbsp; &nbsp; &nbsp; &nbsp; &nbsp; &nbsp; &nbsp; &nbsp; &nbsp; &nbsp; &nbsp; &nbsp; &nbsp; &nbsp; &nbsp; &nbsp; &nbsp; &nbsp;NOTICIA DE INFOBAE &nbsp; &nbsp; [&hellip;]<\/p>\n","protected":false},"author":2,"featured_media":0,"comment_status":"open","ping_status":"open","sticky":false,"template":"","format":"standard","meta":{"footnotes":""},"categories":[123,138],"tags":[],"class_list":["post-411","post","type-post","status-publish","format-standard","hentry","category-final-de-la-vida","category-noticias"],"_links":{"self":[{"href":"https:\/\/bioetica.ar\/index.php\/wp-json\/wp\/v2\/posts\/411","targetHints":{"allow":["GET"]}}],"collection":[{"href":"https:\/\/bioetica.ar\/index.php\/wp-json\/wp\/v2\/posts"}],"about":[{"href":"https:\/\/bioetica.ar\/index.php\/wp-json\/wp\/v2\/types\/post"}],"author":[{"embeddable":true,"href":"https:\/\/bioetica.ar\/index.php\/wp-json\/wp\/v2\/users\/2"}],"replies":[{"embeddable":true,"href":"https:\/\/bioetica.ar\/index.php\/wp-json\/wp\/v2\/comments?post=411"}],"version-history":[{"count":0,"href":"https:\/\/bioetica.ar\/index.php\/wp-json\/wp\/v2\/posts\/411\/revisions"}],"wp:attachment":[{"href":"https:\/\/bioetica.ar\/index.php\/wp-json\/wp\/v2\/media?parent=411"}],"wp:term":[{"taxonomy":"category","embeddable":true,"href":"https:\/\/bioetica.ar\/index.php\/wp-json\/wp\/v2\/categories?post=411"},{"taxonomy":"post_tag","embeddable":true,"href":"https:\/\/bioetica.ar\/index.php\/wp-json\/wp\/v2\/tags?post=411"}],"curies":[{"name":"wp","href":"https:\/\/api.w.org\/{rel}","templated":true}]}}