{"id":416,"date":"2018-01-17T17:23:00","date_gmt":"2018-01-17T17:23:00","guid":{"rendered":"https:\/\/bioetica.ar\/index.php\/2018\/01\/17\/programa-de-educacion-permanente-en-bioetica-propuesta-educativa-2018\/"},"modified":"2018-01-17T17:23:00","modified_gmt":"2018-01-17T17:23:00","slug":"programa-de-educacion-permanente-en-bioetica-propuesta-educativa-2018","status":"publish","type":"post","link":"https:\/\/bioetica.ar\/index.php\/2018\/01\/17\/programa-de-educacion-permanente-en-bioetica-propuesta-educativa-2018\/","title":{"rendered":"Programa de Educaci\u00f3n Permanente en Bio\u00e9tica &#8211; Propuesta Educativa 2018"},"content":{"rendered":"<div style=\"clear: both; text-align: center;\"><\/div>\n<div style=\"clear: both; text-align: center;\"><a href=\"https:\/\/2.bp.blogspot.com\/-9oZ00R9-Hc0\/Wl-GCazl45I\/AAAAAAAAAg4\/lUXuHEKeoCc--g6lHLMR3cJ2VrSiZ0drwCLcBGAs\/s1600\/pepb.JPG\" style=\"margin-left: 1em; margin-right: 1em;\"><img loading=\"lazy\" decoding=\"async\" border=\"0\" data-original-height=\"876\" data-original-width=\"1191\" height=\"470\" src=\"https:\/\/2.bp.blogspot.com\/-9oZ00R9-Hc0\/Wl-GCazl45I\/AAAAAAAAAg4\/lUXuHEKeoCc--g6lHLMR3cJ2VrSiZ0drwCLcBGAs\/s640\/pepb.JPG\" width=\"640\" \/><\/a><\/div>\n<div style=\"text-align: center;\"><a href=\"http:\/\/www.redbioetica-edu.com.ar\/\" target=\"_blank\" rel=\"noopener\"><span style=\"color: lime; font-size: large;\"> Inscripci\u00f3n al Programa de Educaci\u00f3n Permanente en Bio\u00e9tica<\/span><\/a><\/div>\n<div style=\"text-align: center;\"><a href=\"http:\/\/www.redbioetica-edu.com.ar\/mail\/mail_001.htm\" target=\"_blank\" rel=\"noopener\"><span style=\"color: lime; font-size: large;\">Propuesta Educativa 2018<\/span><\/a><\/div>\n","protected":false},"excerpt":{"rendered":"<p>Inscripci\u00f3n al Programa de Educaci\u00f3n Permanente en Bio\u00e9tica Propuesta Educativa 2018<\/p>\n","protected":false},"author":2,"featured_media":0,"comment_status":"open","ping_status":"open","sticky":false,"template":"","format":"standard","meta":{"footnotes":""},"categories":[141,96],"tags":[],"class_list":["post-416","post","type-post","status-publish","format-standard","hentry","category-cursos-de-bioetica","category-unesco"],"_links":{"self":[{"href":"https:\/\/bioetica.ar\/index.php\/wp-json\/wp\/v2\/posts\/416","targetHints":{"allow":["GET"]}}],"collection":[{"href":"https:\/\/bioetica.ar\/index.php\/wp-json\/wp\/v2\/posts"}],"about":[{"href":"https:\/\/bioetica.ar\/index.php\/wp-json\/wp\/v2\/types\/post"}],"author":[{"embeddable":true,"href":"https:\/\/bioetica.ar\/index.php\/wp-json\/wp\/v2\/users\/2"}],"replies":[{"embeddable":true,"href":"https:\/\/bioetica.ar\/index.php\/wp-json\/wp\/v2\/comments?post=416"}],"version-history":[{"count":0,"href":"https:\/\/bioetica.ar\/index.php\/wp-json\/wp\/v2\/posts\/416\/revisions"}],"wp:attachment":[{"href":"https:\/\/bioetica.ar\/index.php\/wp-json\/wp\/v2\/media?parent=416"}],"wp:term":[{"taxonomy":"category","embeddable":true,"href":"https:\/\/bioetica.ar\/index.php\/wp-json\/wp\/v2\/categories?post=416"},{"taxonomy":"post_tag","embeddable":true,"href":"https:\/\/bioetica.ar\/index.php\/wp-json\/wp\/v2\/tags?post=416"}],"curies":[{"name":"wp","href":"https:\/\/api.w.org\/{rel}","templated":true}]}}