{"id":53,"date":"2022-04-30T00:40:00","date_gmt":"2022-04-30T00:40:00","guid":{"rendered":"https:\/\/bioetica.ar\/index.php\/2022\/04\/30\/reunion-de-seminario-estrategias-y-abordajes-de-las-enfermedades-de-transmision-materno-infantil\/"},"modified":"2022-04-30T00:40:00","modified_gmt":"2022-04-30T00:40:00","slug":"reunion-de-seminario-estrategias-y-abordajes-de-las-enfermedades-de-transmision-materno-infantil","status":"publish","type":"post","link":"https:\/\/bioetica.ar\/index.php\/2022\/04\/30\/reunion-de-seminario-estrategias-y-abordajes-de-las-enfermedades-de-transmision-materno-infantil\/","title":{"rendered":"Reuni\u00f3n de Seminario. Estrategias y abordajes de las enfermedades de transmisi\u00f3n materno-infantil"},"content":{"rendered":"<p align=\"center\"><a href=\"https:\/\/drive.google.com\/uc?id=1eO-NwWBCnRrCN0oiAc8caeZljgnDrVjT\"><img loading=\"lazy\" decoding=\"async\" alt=\"WhatsApp Image 2022-04-21 at 4.58.31 PM\" border=\"0\" height=\"686\" src=\"https:\/\/drive.google.com\/uc?id=1zCa5NH7CdEZ0fvHQw9nuupljlZvRGbM8\" style=\"background-image: none;\" title=\"WhatsApp Image 2022-04-21 at 4.58.31 PM\" width=\"487\" \/><\/a><\/p>\n<p align=\"center\">&nbsp;<\/p>\n<p align=\"center\">&nbsp;<span style=\"text-align: left;\">&nbsp;<\/span><\/p>\n<div style=\"display: inline; float: none; margin: 0px; padding: 0px;\">\n<div style=\"text-align: center;\"><iframe loading=\"lazy\" allow=\"accelerometer; autoplay; encrypted-media; gyroscope; picture-in-picture\" allowfullscreen=\"\" frameborder=\"0\" height=\"239\" src=\"http:\/\/www.youtube.com\/embed\/bLwApFO-eBY\" width=\"425\"><\/iframe><\/div>\n<div style=\"clear: both; font-size: 0.8em; text-align: center; width: 425px;\">Grabaci\u00f3n de la reuni\u00f3n<\/div>\n<\/div>\n<p align=\"center\"><a href=\"https:\/\/drive.google.com\/file\/d\/1zVn22UZT5RGrQdD7VyoIJI6Avnudcr9r\/view?usp=sharing\" target=\"_blank\" rel=\"noopener\">POWER POINT DE LA EXPOSICI\u00d3N<\/a><\/p>\n","protected":false},"excerpt":{"rendered":"<p>&nbsp; &nbsp;&nbsp; Grabaci\u00f3n de la reuni\u00f3n POWER POINT DE LA EXPOSICI\u00d3N<\/p>\n","protected":false},"author":2,"featured_media":0,"comment_status":"open","ping_status":"open","sticky":false,"template":"","format":"standard","meta":{"footnotes":""},"categories":[26,3,72,6],"tags":[],"class_list":["post-53","post","type-post","status-publish","format-standard","hentry","category-hospital-pediatrico","category-red-de-comite-de-bioetica","category-sala-de-situacion-de-trasmision-vertical","category-seminario-taller-2022"],"_links":{"self":[{"href":"https:\/\/bioetica.ar\/index.php\/wp-json\/wp\/v2\/posts\/53","targetHints":{"allow":["GET"]}}],"collection":[{"href":"https:\/\/bioetica.ar\/index.php\/wp-json\/wp\/v2\/posts"}],"about":[{"href":"https:\/\/bioetica.ar\/index.php\/wp-json\/wp\/v2\/types\/post"}],"author":[{"embeddable":true,"href":"https:\/\/bioetica.ar\/index.php\/wp-json\/wp\/v2\/users\/2"}],"replies":[{"embeddable":true,"href":"https:\/\/bioetica.ar\/index.php\/wp-json\/wp\/v2\/comments?post=53"}],"version-history":[{"count":0,"href":"https:\/\/bioetica.ar\/index.php\/wp-json\/wp\/v2\/posts\/53\/revisions"}],"wp:attachment":[{"href":"https:\/\/bioetica.ar\/index.php\/wp-json\/wp\/v2\/media?parent=53"}],"wp:term":[{"taxonomy":"category","embeddable":true,"href":"https:\/\/bioetica.ar\/index.php\/wp-json\/wp\/v2\/categories?post=53"},{"taxonomy":"post_tag","embeddable":true,"href":"https:\/\/bioetica.ar\/index.php\/wp-json\/wp\/v2\/tags?post=53"}],"curies":[{"name":"wp","href":"https:\/\/api.w.org\/{rel}","templated":true}]}}