{"id":662,"date":"2023-04-15T12:52:06","date_gmt":"2023-04-15T12:52:06","guid":{"rendered":"https:\/\/bioetica.ar\/?p=662"},"modified":"2023-04-15T12:52:06","modified_gmt":"2023-04-15T12:52:06","slug":"precongreso-del-ix-congreso-internacional-de-la-redbiotica-unesco-2023","status":"publish","type":"post","link":"https:\/\/bioetica.ar\/index.php\/2023\/04\/15\/precongreso-del-ix-congreso-internacional-de-la-redbiotica-unesco-2023\/","title":{"rendered":"Precongreso del IX Congreso Internacional de la Redbio&eacute;tica UNESCO 2023"},"content":{"rendered":"<p><a href=\"https:\/\/bioetica.ar\/wp-content\/uploads\/2023\/04\/clip_image001.png\"><img loading=\"lazy\" decoding=\"async\" title=\"clip_image001\" style=\"display: inline; background-image: none;\" border=\"0\" alt=\"clip_image001\" src=\"https:\/\/bioetica.ar\/wp-content\/uploads\/2023\/04\/clip_image001_thumb.png\" width=\"189\" height=\"244\" \/><\/a><\/p>\n<p>Saludos cordiales,   <br \/>Es un gusto entrar en contacto con ustedes. Esta comunicaci\u00f3n tiene el objetivo de invitarles a hacer parte del Precongreso Redbio\u00e9tica 2023, que tiene el prop\u00f3sito de servir como espacio preparatorio del IX Congreso Redbio\u00e9tica 2023 que est\u00e1 siendo organizado en conjunto con el Instituto de Investigaciones en Bio\u00e9tica, Monterrey, M\u00e9xico, y se desarrollar\u00e1 de manera virtual del 15 al 17 de noviembre de 2023.    <br \/>La intenci\u00f3n del precongreso que se llevar\u00e1 a cabo del <b>18 de septiembre al 13 de octubre<\/b> es servir como espacio para que diversas instituciones, colectivos y personas de la regi\u00f3n reflexionen sobre variados asuntos relativos a la bio\u00e9tica, proponiendo conversatorios, mesas redondas, conferencias, entre otros. Ya algunas instituciones, como la Universidad de Quer\u00e9taro, la Universidad de Guanajuato, la Universidad de Oaxaca, en M\u00e9xico; la Pontificia Universidad Cat\u00f3lica de Paran\u00e1 y la Universidad Federal de Santa Catarina, en Brasil; y la Universidad El Bosque, en Colombia, se han interesado en este evento preparatorio y podr\u00edan reservar fechas y horarios para llevar a cabo actividades.    <br \/>En caso de que ustedes o la instituci\u00f3n o colectivo del que hacen parte tengan inter\u00e9s en participar, les pedimos hacernos llegar por este medio (<b><a>precongresoredbioetica@gmail.com<\/a><\/b>), hasta el <b>30 de junio<\/b>, la siguiente informaci\u00f3n para analizar su propuesta: Formato, Instituci\u00f3n\/colectivo, T\u00edtulo, Objetivo, Responsables, Fecha, Hora, Plataforma utilizada y N\u00famero de participantes previsto. Vale aclarar que la plataforma y organizaci\u00f3n log\u00edstica ser\u00e1 de responsabilidad de cada instituci\u00f3n\/colectivo, y que el acompa\u00f1amiento o participaci\u00f3n de integrantes de la Red depender\u00e1 de invitaci\u00f3n expresa de cada instituci\u00f3n\/colectivo en este sentido.    <br \/>Cordialmente,<\/p>\n<p>Comit\u00e9 organizador del Precongreso del IX Congreso de la Redbio\u00e9tica UNESCO 2023<\/p>\n","protected":false},"excerpt":{"rendered":"<p>Saludos cordiales, Es un gusto entrar en contacto con ustedes. Esta comunicaci\u00f3n tiene el objetivo de invitarles a hacer parte del Precongreso Redbio\u00e9tica 2023, que tiene el prop\u00f3sito de servir como espacio preparatorio del IX Congreso Redbio\u00e9tica 2023 que est\u00e1 siendo organizado en conjunto con el Instituto de Investigaciones en Bio\u00e9tica, Monterrey, M\u00e9xico, y se [&hellip;]<\/p>\n","protected":false},"author":1,"featured_media":0,"comment_status":"open","ping_status":"open","sticky":false,"template":"","format":"standard","meta":{"footnotes":""},"categories":[95,73],"tags":[],"class_list":["post-662","post","type-post","status-publish","format-standard","hentry","category-congreso","category-red-unesco"],"_links":{"self":[{"href":"https:\/\/bioetica.ar\/index.php\/wp-json\/wp\/v2\/posts\/662","targetHints":{"allow":["GET"]}}],"collection":[{"href":"https:\/\/bioetica.ar\/index.php\/wp-json\/wp\/v2\/posts"}],"about":[{"href":"https:\/\/bioetica.ar\/index.php\/wp-json\/wp\/v2\/types\/post"}],"author":[{"embeddable":true,"href":"https:\/\/bioetica.ar\/index.php\/wp-json\/wp\/v2\/users\/1"}],"replies":[{"embeddable":true,"href":"https:\/\/bioetica.ar\/index.php\/wp-json\/wp\/v2\/comments?post=662"}],"version-history":[{"count":1,"href":"https:\/\/bioetica.ar\/index.php\/wp-json\/wp\/v2\/posts\/662\/revisions"}],"predecessor-version":[{"id":663,"href":"https:\/\/bioetica.ar\/index.php\/wp-json\/wp\/v2\/posts\/662\/revisions\/663"}],"wp:attachment":[{"href":"https:\/\/bioetica.ar\/index.php\/wp-json\/wp\/v2\/media?parent=662"}],"wp:term":[{"taxonomy":"category","embeddable":true,"href":"https:\/\/bioetica.ar\/index.php\/wp-json\/wp\/v2\/categories?post=662"},{"taxonomy":"post_tag","embeddable":true,"href":"https:\/\/bioetica.ar\/index.php\/wp-json\/wp\/v2\/tags?post=662"}],"curies":[{"name":"wp","href":"https:\/\/api.w.org\/{rel}","templated":true}]}}