{"id":914,"date":"2026-03-16T17:32:49","date_gmt":"2026-03-16T17:32:49","guid":{"rendered":"https:\/\/bioetica.ar\/?p=914"},"modified":"2026-03-16T17:32:49","modified_gmt":"2026-03-16T17:32:49","slug":"reunion-de-seminario-taller-de-bioetica-clinica-y-social","status":"publish","type":"post","link":"https:\/\/bioetica.ar\/index.php\/2026\/03\/16\/reunion-de-seminario-taller-de-bioetica-clinica-y-social\/","title":{"rendered":"REUNI\u00d3N DE SEMINARIO TALLER DE BIO\u00c9TICA CL\u00cdNICA Y SOCIAL"},"content":{"rendered":"\n<figure class=\"wp-block-image size-large\"><img loading=\"lazy\" decoding=\"async\" width=\"768\" height=\"1024\" src=\"https:\/\/bioetica.ar\/wp-content\/uploads\/2026\/03\/WhatsApp-Image-2026-03-13-at-11.33.16-768x1024.jpeg\" alt=\"\" class=\"wp-image-915\" srcset=\"https:\/\/bioetica.ar\/wp-content\/uploads\/2026\/03\/WhatsApp-Image-2026-03-13-at-11.33.16-768x1024.jpeg 768w, https:\/\/bioetica.ar\/wp-content\/uploads\/2026\/03\/WhatsApp-Image-2026-03-13-at-11.33.16-225x300.jpeg 225w, https:\/\/bioetica.ar\/wp-content\/uploads\/2026\/03\/WhatsApp-Image-2026-03-13-at-11.33.16-1152x1536.jpeg 1152w, https:\/\/bioetica.ar\/wp-content\/uploads\/2026\/03\/WhatsApp-Image-2026-03-13-at-11.33.16-624x832.jpeg 624w, https:\/\/bioetica.ar\/wp-content\/uploads\/2026\/03\/WhatsApp-Image-2026-03-13-at-11.33.16.jpeg 1200w\" sizes=\"auto, (max-width: 768px) 100vw, 768px\" \/><\/figure>\n","protected":false},"excerpt":{"rendered":"","protected":false},"author":1,"featured_media":0,"comment_status":"open","ping_status":"open","sticky":false,"template":"","format":"standard","meta":{"footnotes":""},"categories":[1],"tags":[],"class_list":["post-914","post","type-post","status-publish","format-standard","hentry","category-uncategorized"],"_links":{"self":[{"href":"https:\/\/bioetica.ar\/index.php\/wp-json\/wp\/v2\/posts\/914","targetHints":{"allow":["GET"]}}],"collection":[{"href":"https:\/\/bioetica.ar\/index.php\/wp-json\/wp\/v2\/posts"}],"about":[{"href":"https:\/\/bioetica.ar\/index.php\/wp-json\/wp\/v2\/types\/post"}],"author":[{"embeddable":true,"href":"https:\/\/bioetica.ar\/index.php\/wp-json\/wp\/v2\/users\/1"}],"replies":[{"embeddable":true,"href":"https:\/\/bioetica.ar\/index.php\/wp-json\/wp\/v2\/comments?post=914"}],"version-history":[{"count":1,"href":"https:\/\/bioetica.ar\/index.php\/wp-json\/wp\/v2\/posts\/914\/revisions"}],"predecessor-version":[{"id":916,"href":"https:\/\/bioetica.ar\/index.php\/wp-json\/wp\/v2\/posts\/914\/revisions\/916"}],"wp:attachment":[{"href":"https:\/\/bioetica.ar\/index.php\/wp-json\/wp\/v2\/media?parent=914"}],"wp:term":[{"taxonomy":"category","embeddable":true,"href":"https:\/\/bioetica.ar\/index.php\/wp-json\/wp\/v2\/categories?post=914"},{"taxonomy":"post_tag","embeddable":true,"href":"https:\/\/bioetica.ar\/index.php\/wp-json\/wp\/v2\/tags?post=914"}],"curies":[{"name":"wp","href":"https:\/\/api.w.org\/{rel}","templated":true}]}}